{"id":5912,"date":"2014-06-06T08:08:45","date_gmt":"2014-06-06T11:08:45","guid":{"rendered":"http:\/\/www.sincomam.org.br\/?p=5912"},"modified":"2014-06-05T23:17:17","modified_gmt":"2014-06-06T02:17:17","slug":"rio-e-sao-paulo-greves-e-protestos-continuam-a-seis-dias-da-copa-do-mundo","status":"publish","type":"post","link":"https:\/\/www.sincomam.org.br\/index.php\/rio-e-sao-paulo-greves-e-protestos-continuam-a-seis-dias-da-copa-do-mundo\/","title":{"rendered":"Rio e S\u00e3o Paulo: greves e protestos continuam a seis dias da Copa do Mundo"},"content":{"rendered":"<p><strong><em>Greve dos metrovi\u00e1rios paulistanos provoca depreda\u00e7\u00e3o na esta\u00e7\u00e3o Itaquera<\/em><\/strong><\/p>\n<p>A sete dias para o in\u00edcio da Copa do Mundo, greves e paralisa\u00e7\u00f5es se espalham pelo pa\u00eds. Em S\u00e3o Paulo, a greve dos metrovi\u00e1rios prejudicou ainda mais o tr\u00e2nsito j\u00e1 congestionado da cidade na manh\u00e3 desta quinta-feira. Por conta da falta de metr\u00f4, passageiros depredaram a esta\u00e7\u00e3o Itaquera. A revolta aconteceu porque o trem da CPTM, que faz conex\u00e3o com a esta\u00e7\u00e3o, n\u00e3o parou justamente porque a linha vermelha do metr\u00f4 est\u00e1 paralisada. Os passageiros invadiram a plataforma, arrancaram port\u00f5es e grades das esta\u00e7\u00f5es e chegaram a andar pelos trilhos.<\/p>\n<p>No Rio, funcion\u00e1rios da Companhia Estadual de \u00c1guas e Esgoto (Cedae) fecharam a Rua Pinheiro Machado. Eles sa\u00edram em passeata ap\u00f3s decidirem cruzar os bra\u00e7os por 24 horas. Segundo os organizadores, cerca de mil pessoas participam do ato. Os manifestantes querem um encontro com o governador Luiz Pez\u00e3o. E apesar da baixa ades\u00e3o, os professores e profissionais de ensino do estado e munic\u00edpio mant\u00eam uma paralisa\u00e7\u00e3o desde o dia 12 de maio.<\/p>\n<p>E a greve dos vigilantes do estado do Rio j\u00e1 passou de um m\u00eas, prejudicando o servi\u00e7o de diversas ag\u00eancias banc\u00e1rias e em outras cidades do estado. Os grevistas pedem um reajuste salarial de 10%, benef\u00edcio de refei\u00e7\u00e3o de R$ 20 e mais adicionais de risco de vida e de periculosidade.<\/p>\n<p>Em Porto Alegre, servidores municipais continuam a paralisa\u00e7\u00e3o, e caminh\u00f5es de lixo s\u00e3o bloqueados por servidores, gerando ac\u00famulo de sacolas nas cal\u00e7adas da cidade.<\/p>\n<p>O atendimento em hospitais em Curitiba ficou comprometido nesta quinta-feira por causa da greve de funcion\u00e1rios de hospitais e institui\u00e7\u00f5es de sa\u00fade filantr\u00f3picas. Segundo o Sindicato dos Empregados em Estabelecimentos de Servi\u00e7os de Sa\u00fade de Curitiba, a ades\u00e3o \u00e0 greve \u00e9 de cerca de 40%. O Hospital de Cajuru \u00e9 o mais prejudicado. Tamb\u00e9m no Sul do Brasil, em Crici\u00fama, a greve no transporte coletivo chega ao quarto dia consecutivo.<\/p>\n<p>Em S\u00e3o Lu\u00eds, a greve dos rodovi\u00e1rios chega ao 15\u00ba dia com 70% dos \u00f4nibus nas ruas da capital maranhense. Durante reuni\u00e3o na ter\u00e7a-feira, os rodovi\u00e1rios decidiram cumprir a determina\u00e7\u00e3o da Justi\u00e7a do Trabalho e voltar disponibilizar 70% da frota, que havia sido retirada totalmente das ruas no dia 27. A greve dos rodovi\u00e1rios foi iniciada no dia 22 de maio e apesar da media\u00e7\u00e3o do Minist\u00e9rio P\u00fablico do Trabalho, n\u00e3o houve consenso sobre o percentual de reajuste solicitado pelos trabalhadores, que inicialmente era \u00e9 16% e j\u00e1 caiu para 9%.<\/p>\n<p>Fonte: O Globo<\/p>\n","protected":false},"excerpt":{"rendered":"<p>Greve dos metrovi\u00e1rios paulistanos provoca depreda\u00e7\u00e3o na esta\u00e7\u00e3o Itaquera A sete dias para o in\u00edcio da Copa do Mundo, greves e paralisa\u00e7\u00f5es se espalham pelo&#8230;<\/p>\n","protected":false},"author":1182,"featured_media":5526,"comment_status":"closed","ping_status":"closed","sticky":false,"template":"","format":"standard","meta":{"footnotes":""},"categories":[6],"tags":[],"class_list":["post-5912","post","type-post","status-publish","format-standard","has-post-thumbnail","hentry","category-noticias"],"_links":{"self":[{"href":"https:\/\/www.sincomam.org.br\/index.php\/wp-json\/wp\/v2\/posts\/5912","targetHints":{"allow":["GET"]}}],"collection":[{"href":"https:\/\/www.sincomam.org.br\/index.php\/wp-json\/wp\/v2\/posts"}],"about":[{"href":"https:\/\/www.sincomam.org.br\/index.php\/wp-json\/wp\/v2\/types\/post"}],"author":[{"embeddable":true,"href":"https:\/\/www.sincomam.org.br\/index.php\/wp-json\/wp\/v2\/users\/1182"}],"replies":[{"embeddable":true,"href":"https:\/\/www.sincomam.org.br\/index.php\/wp-json\/wp\/v2\/comments?post=5912"}],"version-history":[{"count":1,"href":"https:\/\/www.sincomam.org.br\/index.php\/wp-json\/wp\/v2\/posts\/5912\/revisions"}],"predecessor-version":[{"id":5913,"href":"https:\/\/www.sincomam.org.br\/index.php\/wp-json\/wp\/v2\/posts\/5912\/revisions\/5913"}],"wp:featuredmedia":[{"embeddable":true,"href":"https:\/\/www.sincomam.org.br\/index.php\/wp-json\/wp\/v2\/media\/5526"}],"wp:attachment":[{"href":"https:\/\/www.sincomam.org.br\/index.php\/wp-json\/wp\/v2\/media?parent=5912"}],"wp:term":[{"taxonomy":"category","embeddable":true,"href":"https:\/\/www.sincomam.org.br\/index.php\/wp-json\/wp\/v2\/categories?post=5912"},{"taxonomy":"post_tag","embeddable":true,"href":"https:\/\/www.sincomam.org.br\/index.php\/wp-json\/wp\/v2\/tags?post=5912"}],"curies":[{"name":"wp","href":"https:\/\/api.w.org\/{rel}","templated":true}]}}