{"id":59116,"date":"2025-05-21T09:44:08","date_gmt":"2025-05-21T12:44:08","guid":{"rendered":"https:\/\/www.sincomam.org.br\/?p=59116"},"modified":"2025-05-21T09:44:08","modified_gmt":"2025-05-21T12:44:08","slug":"capitania-dos-portos-do-rio-de-janeiro-celebra-179-anos-com-legado-e-inovacao","status":"publish","type":"post","link":"https:\/\/www.sincomam.org.br\/index.php\/capitania-dos-portos-do-rio-de-janeiro-celebra-179-anos-com-legado-e-inovacao\/","title":{"rendered":"Capitania dos Portos do Rio de Janeiro celebra 179 anos com legado e inova\u00e7\u00e3o"},"content":{"rendered":"<p class=\"\" data-start=\"178\" data-end=\"598\">No cora\u00e7\u00e3o da hist\u00f3ria naval brasileira, a\u00a0Capitania dos Portos do Rio de Janeiro\u00a0chega aos\u00a0179 anos\u00a0combinando tradi\u00e7\u00e3o, moderniza\u00e7\u00e3o e presen\u00e7a cidad\u00e3 nas \u00e1guas do estado. De a\u00e7\u00f5es repressivas \u00e0 educa\u00e7\u00e3o mar\u00edtima, a CPRJ vem se destacando com iniciativas estrat\u00e9gicas que reduzem acidentes, ampliam a fiscaliza\u00e7\u00e3o e fomentam o desenvolvimento sustent\u00e1vel da navega\u00e7\u00e3o nas ba\u00edas fluminenses.<\/p>\n<h3 class=\"\" data-start=\"605\" data-end=\"690\"><strong data-start=\"609\" data-end=\"690\">Projetos inovadores: Lei Seca Mar\u00edtima e Costa Verde como marcos operacionais<\/strong><\/h3>\n<p class=\"\" data-start=\"692\" data-end=\"1076\">A\u00a0Lei Seca Mar\u00edtima, lan\u00e7ada no ver\u00e3o passado e transformada em opera\u00e7\u00e3o permanente, se tornou um divisor de \u00e1guas na\u00a0seguran\u00e7a da navega\u00e7\u00e3o recreativa e tur\u00edstica. A a\u00e7\u00e3o intensificou a fiscaliza\u00e7\u00e3o de embarca\u00e7\u00f5es em \u00e1reas de grande fluxo, especialmente durante feriados e alta temporada, reduzindo drasticamente os casos de acidentes n\u00e1uticos causados por consumo de \u00e1lcool.<\/p>\n<p class=\"\" data-start=\"1078\" data-end=\"1478\">J\u00e1 o\u00a0Projeto Costa Verde, fruto da parceria com a\u00a0SOAMAR-RJ\u00a0e a comunidade mar\u00edtima, ampliou a presen\u00e7a fiscalizadora por meio da instala\u00e7\u00e3o de\u00a0cont\u00eaineres de inspe\u00e7\u00e3o naval\u00a0e, futuramente, com a incorpora\u00e7\u00e3o de\u00a0lanchas de inspe\u00e7\u00e3o e patrulhamento, hoje em fase de adapta\u00e7\u00e3o. Ambas as iniciativas refor\u00e7am a atua\u00e7\u00e3o preventiva da CPRJ e aproximam a\u00a0Autoridade Mar\u00edtima\u00a0do cidad\u00e3o.<\/p>\n<h3 class=\"\" data-start=\"1485\" data-end=\"1558\"><strong data-start=\"1489\" data-end=\"1558\">Infraestrutura, ensino n\u00e1utico e moderniza\u00e7\u00e3o tecnol\u00f3gica da CPRJ<\/strong><\/h3>\n<p class=\"\" data-start=\"1560\" data-end=\"1969\">Com foco na forma\u00e7\u00e3o de\u00a0aquavi\u00e1rios\u00a0e na amplia\u00e7\u00e3o da\u00a0capacidade de ensino, a CPRJ investiu na\u00a0constru\u00e7\u00e3o de novas salas de aula\u00a0e na\u00a0reforma de outras, dobrando a oferta de vagas e expandindo o acesso \u00e0\u00a0qualifica\u00e7\u00e3o profissional mar\u00edtima. A a\u00e7\u00e3o impacta positivamente o setor n\u00e1utico e portu\u00e1rio fluminense, fornecendo m\u00e3o de obra capacitada para o crescente mercado da\u00a0economia azul.<\/p>\n<p class=\"\" data-start=\"1971\" data-end=\"2340\">Al\u00e9m disso, a Capitania inaugurou o\u00a0Centro de Coordena\u00e7\u00e3o e Controle da Autoridade Mar\u00edtima (CCCAM), equipado com tecnologias de ponta para monitoramento e resposta a incidentes. A moderniza\u00e7\u00e3o da frota, com aquisi\u00e7\u00e3o de\u00a0motos aqu\u00e1ticas\u00a0e\u00a0lanchas novas\u00a0com recursos extraor\u00e7ament\u00e1rios, tamb\u00e9m fortalece a capacidade de resposta e fiscaliza\u00e7\u00e3o em tempo real.<\/p>\n<h3 class=\"\" data-start=\"2347\" data-end=\"2425\"><strong data-start=\"2351\" data-end=\"2425\">Tradi\u00e7\u00e3o e miss\u00e3o: o papel hist\u00f3rico da Capitania dos Portos no Brasil<\/strong><\/h3>\n<p class=\"\" data-start=\"2427\" data-end=\"2810\">Criada em\u00a01846\u00a0por ordem do\u00a0Imperador Dom Pedro II, a\u00a0Capitania dos Portos do Rio de Janeiro\u00a0\u00e9 uma das institui\u00e7\u00f5es mais antigas em opera\u00e7\u00e3o cont\u00ednua no pa\u00eds. Com jurisdi\u00e7\u00e3o sobre as\u00a0ba\u00edas de Guanabara, Sepetiba e Ilha Grande, a CPRJ foi fundamental na\u00a0organiza\u00e7\u00e3o da navega\u00e7\u00e3o, no controle portu\u00e1rio e no surgimento da moderna\u00a0Autoridade Mar\u00edtima Brasileira.<\/p>\n<p class=\"\" data-start=\"2812\" data-end=\"3148\">Nomes hist\u00f3ricos como\u00a0Almirante Tamandar\u00e9,\u00a0J\u00falio de Noronha\u00a0e\u00a0Henrique Saboia\u00a0figuram entre seus comandantes, e o legado deixado por esses l\u00edderes continua vivo na atua\u00e7\u00e3o dos militares e civis que comp\u00f5em sua tripula\u00e7\u00e3o. A miss\u00e3o segue clara:\u00a0\u201cOrientar, Instruir e Fiscalizar \u2013 Tudo pela seguran\u00e7a de quem vai navegar!\u201d<\/p>\n<p data-start=\"2812\" data-end=\"3148\">Fonte: Defesa em Foco<\/p>\n","protected":false},"excerpt":{"rendered":"<p>No cora\u00e7\u00e3o da hist\u00f3ria naval brasileira, a\u00a0Capitania dos Portos do Rio de Janeiro\u00a0chega aos\u00a0179 anos\u00a0combinando tradi\u00e7\u00e3o, moderniza\u00e7\u00e3o e presen\u00e7a cidad\u00e3 nas \u00e1guas do estado. De&#8230;<\/p>\n","protected":false},"author":1527,"featured_media":59118,"comment_status":"closed","ping_status":"closed","sticky":false,"template":"","format":"standard","meta":{"footnotes":""},"categories":[6],"tags":[],"class_list":["post-59116","post","type-post","status-publish","format-standard","has-post-thumbnail","hentry","category-noticias"],"_links":{"self":[{"href":"https:\/\/www.sincomam.org.br\/index.php\/wp-json\/wp\/v2\/posts\/59116","targetHints":{"allow":["GET"]}}],"collection":[{"href":"https:\/\/www.sincomam.org.br\/index.php\/wp-json\/wp\/v2\/posts"}],"about":[{"href":"https:\/\/www.sincomam.org.br\/index.php\/wp-json\/wp\/v2\/types\/post"}],"author":[{"embeddable":true,"href":"https:\/\/www.sincomam.org.br\/index.php\/wp-json\/wp\/v2\/users\/1527"}],"replies":[{"embeddable":true,"href":"https:\/\/www.sincomam.org.br\/index.php\/wp-json\/wp\/v2\/comments?post=59116"}],"version-history":[{"count":1,"href":"https:\/\/www.sincomam.org.br\/index.php\/wp-json\/wp\/v2\/posts\/59116\/revisions"}],"predecessor-version":[{"id":59119,"href":"https:\/\/www.sincomam.org.br\/index.php\/wp-json\/wp\/v2\/posts\/59116\/revisions\/59119"}],"wp:featuredmedia":[{"embeddable":true,"href":"https:\/\/www.sincomam.org.br\/index.php\/wp-json\/wp\/v2\/media\/59118"}],"wp:attachment":[{"href":"https:\/\/www.sincomam.org.br\/index.php\/wp-json\/wp\/v2\/media?parent=59116"}],"wp:term":[{"taxonomy":"category","embeddable":true,"href":"https:\/\/www.sincomam.org.br\/index.php\/wp-json\/wp\/v2\/categories?post=59116"},{"taxonomy":"post_tag","embeddable":true,"href":"https:\/\/www.sincomam.org.br\/index.php\/wp-json\/wp\/v2\/tags?post=59116"}],"curies":[{"name":"wp","href":"https:\/\/api.w.org\/{rel}","templated":true}]}}