{"id":59102,"date":"2025-05-20T11:51:59","date_gmt":"2025-05-20T14:51:59","guid":{"rendered":"https:\/\/www.sincomam.org.br\/?p=59102"},"modified":"2025-05-20T11:51:59","modified_gmt":"2025-05-20T14:51:59","slug":"cerca-de-20-milhoes-ainda-nao-declararam-imposto-de-renda-em-2025","status":"publish","type":"post","link":"https:\/\/www.sincomam.org.br\/index.php\/cerca-de-20-milhoes-ainda-nao-declararam-imposto-de-renda-em-2025\/","title":{"rendered":"Cerca de 20 milh\u00f5es ainda n\u00e3o declararam Imposto de Renda em 2025"},"content":{"rendered":"<p>A 11 dias do fim do prazo, cerca de 20 milh\u00f5es de contribuintes ainda n\u00e3o acertaram as contas com o Le\u00e3o. At\u00e9 as 18h16 desta segunda-feira (19), 26.693.209 contribuintes tinham enviado a Declara\u00e7\u00e3o Imposto de Renda Pessoa F\u00edsica (IRPF) \u00e0 Receita Federal. O n\u00famero equivale a 57,78% do total esperado para este ano.<img decoding=\"async\" src=\"https:\/\/agenciabrasil.ebc.com.br\/ebc.png?id=1643192&amp;o=node\" \/><img decoding=\"async\" src=\"https:\/\/agenciabrasil.ebc.com.br\/ebc.gif?id=1643192&amp;o=node\" \/><\/p>\n<blockquote><p>Segundo a Receita Federal, 64,9% das declara\u00e7\u00f5es entregues at\u00e9 agora ter\u00e3o direito a receber restitui\u00e7\u00e3o, enquanto 19,2% ter\u00e3o que pagar Imposto de Renda e 15,9% n\u00e3o t\u00eam imposto a pagar, nem a receber. A maioria dos documentos foi preenchida a partir do programa de computador (83,3%), mas 11% dos contribuintes recorrem ao preenchimento<em>\u00a0online<\/em>, que deixa o rascunho da declara\u00e7\u00e3o salvo nos computadores do Fisco (nuvem da Receita), e 5,8% declaram pelo aplicativo Meu Imposto de Renda para\u00a0<em>smartphones<\/em>\u00a0e<em>\u00a0tablets<\/em>.<\/p><\/blockquote>\n<p>Um total de 48,1% dos contribuintes que entregaram o documento \u00e0 Receita Federal usaram a declara\u00e7\u00e3o pr\u00e9-preenchida, por meio da qual o declarante baixa uma vers\u00e3o preliminar do documento, bastando confirmar as informa\u00e7\u00f5es ou retificar os dados. A op\u00e7\u00e3o de desconto simplificado representa 56,4% dos envios.<\/p>\n<p>Desde 1\u00ba de abril, a declara\u00e7\u00e3o pr\u00e9-preenchida passou a ser baixada com todos os dados dispon\u00edveis. O abastecimento dos dados da declara\u00e7\u00e3o pr\u00e9-preenchida atrasou neste ano por causa da greve dos auditores fiscais da Receita.<\/p>\n<p>O prazo para entregar a declara\u00e7\u00e3o come\u00e7ou em 17 de mar\u00e7o e termina \u00e0s 23h59 do dia de 30 de maio.\u00a0<a href=\"https:\/\/www.gov.br\/receitafederal\/pt-br\" target=\"_blank\" rel=\"noopener\">O programa gerador da declara\u00e7\u00e3o est\u00e1 dispon\u00edvel desde 13 de mar\u00e7o<\/a>.<\/p>\n<p>A Receita Federal espera receber 46,2 milh\u00f5es de declara\u00e7\u00f5es do Imposto de Renda da Pessoa F\u00edsica neste ano, o que representar\u00e1 acr\u00e9scimo de quase 7%, na compara\u00e7\u00e3o com 2024, quando foram entregues 43,2 milh\u00f5es de declara\u00e7\u00f5es.<\/p>\n<blockquote><p>As pessoas f\u00edsicas que receberam rendimentos tribut\u00e1veis acima de R$ 33.888, assim como aquelas que obtiveram receita bruta da atividade rural acima de R$ 169.440, s\u00e3o obrigadas a declarar. As pessoas que receberam at\u00e9 dois sal\u00e1rios m\u00ednimos mensais durante 2024 est\u00e3o dispensadas de fazer a declara\u00e7\u00e3o, salvo se se enquadrarem em outro crit\u00e9rio de obrigatoriedade.<\/p><\/blockquote>\n<p>Fonte: Ag\u00eancia Brasil<\/p>\n","protected":false},"excerpt":{"rendered":"<p>A 11 dias do fim do prazo, cerca de 20 milh\u00f5es de contribuintes ainda n\u00e3o acertaram as contas com o Le\u00e3o. At\u00e9 as 18h16 desta&#8230;<\/p>\n","protected":false},"author":1527,"featured_media":59104,"comment_status":"closed","ping_status":"closed","sticky":false,"template":"","format":"standard","meta":{"footnotes":""},"categories":[6],"tags":[],"class_list":["post-59102","post","type-post","status-publish","format-standard","has-post-thumbnail","hentry","category-noticias"],"_links":{"self":[{"href":"https:\/\/www.sincomam.org.br\/index.php\/wp-json\/wp\/v2\/posts\/59102","targetHints":{"allow":["GET"]}}],"collection":[{"href":"https:\/\/www.sincomam.org.br\/index.php\/wp-json\/wp\/v2\/posts"}],"about":[{"href":"https:\/\/www.sincomam.org.br\/index.php\/wp-json\/wp\/v2\/types\/post"}],"author":[{"embeddable":true,"href":"https:\/\/www.sincomam.org.br\/index.php\/wp-json\/wp\/v2\/users\/1527"}],"replies":[{"embeddable":true,"href":"https:\/\/www.sincomam.org.br\/index.php\/wp-json\/wp\/v2\/comments?post=59102"}],"version-history":[{"count":1,"href":"https:\/\/www.sincomam.org.br\/index.php\/wp-json\/wp\/v2\/posts\/59102\/revisions"}],"predecessor-version":[{"id":59105,"href":"https:\/\/www.sincomam.org.br\/index.php\/wp-json\/wp\/v2\/posts\/59102\/revisions\/59105"}],"wp:featuredmedia":[{"embeddable":true,"href":"https:\/\/www.sincomam.org.br\/index.php\/wp-json\/wp\/v2\/media\/59104"}],"wp:attachment":[{"href":"https:\/\/www.sincomam.org.br\/index.php\/wp-json\/wp\/v2\/media?parent=59102"}],"wp:term":[{"taxonomy":"category","embeddable":true,"href":"https:\/\/www.sincomam.org.br\/index.php\/wp-json\/wp\/v2\/categories?post=59102"},{"taxonomy":"post_tag","embeddable":true,"href":"https:\/\/www.sincomam.org.br\/index.php\/wp-json\/wp\/v2\/tags?post=59102"}],"curies":[{"name":"wp","href":"https:\/\/api.w.org\/{rel}","templated":true}]}}