{"id":59094,"date":"2025-05-20T11:48:29","date_gmt":"2025-05-20T14:48:29","guid":{"rendered":"https:\/\/www.sincomam.org.br\/?p=59094"},"modified":"2025-05-20T11:48:29","modified_gmt":"2025-05-20T14:48:29","slug":"marinha-do-brasil-estabelece-base-expedicionaria-em-maceio-para-realizacao-de-exercicios-incluindo-defesa-de-porto","status":"publish","type":"post","link":"https:\/\/www.sincomam.org.br\/index.php\/marinha-do-brasil-estabelece-base-expedicionaria-em-maceio-para-realizacao-de-exercicios-incluindo-defesa-de-porto\/","title":{"rendered":"Marinha do Brasil estabelece Base Expedicion\u00e1ria em Macei\u00f3 para realiza\u00e7\u00e3o de exerc\u00edcios, incluindo defesa de porto"},"content":{"rendered":"<p class=\"text-align-justify\">A partir desta ter\u00e7a-feira (20), a Marinha do Brasil dar\u00e1 in\u00edcio a mais uma opera\u00e7\u00e3o na \u00e1rea de jurisdi\u00e7\u00e3o do Comando do 3\u00ba Distrito Naval, com o objetivo de realizar experimentos doutrin\u00e1rios e exerc\u00edcios simulados na cidade de Macei\u00f3 (AL). Todas as a\u00e7\u00f5es ser\u00e3o coordenadas a partir da Base Expedicion\u00e1ria da Marinha, instalada na antiga Escola de Aprendizes-Marinheiros de Alagoas.<\/p>\n<p class=\"text-align-justify\">As bases expedicion\u00e1rias s\u00e3o instala\u00e7\u00f5es militares tempor\u00e1rias ou m\u00f3veis, estruturadas para apoiar opera\u00e7\u00f5es em \u00e1reas distantes de uma base principal ou em locais sem infraestrutura militar estabelecida. Elas funcionam como centros log\u00edsticos e estrat\u00e9gicos que permitem \u00e0 For\u00e7a Naval atuar com prontid\u00e3o em emerg\u00eancias ou em opera\u00e7\u00f5es militares no territ\u00f3rio nacional e no exterior.<\/p>\n<p class=\"text-align-justify\">As simula\u00e7\u00f5es, que ocorrer\u00e3o at\u00e9 sexta-feira (23), envolver\u00e3o opera\u00e7\u00f5es litor\u00e2neas de car\u00e1ter naval \u2014 a\u00e7\u00f5es militares realizadas na zona costeira com o uso de navios e, quando necess\u00e1rio, de meios a\u00e9reos \u2014 e a\u00e7\u00f5es de apoio ao Estado, no \u00e2mbito da Defesa Civil. Neste caso, a Marinha do Brasil atua em situa\u00e7\u00f5es de desastres naturais, como enchentes, al\u00e9m de emerg\u00eancias e crises, oferecendo suporte log\u00edstico e operacional. Os exerc\u00edcios t\u00eam como objetivo manter a prepara\u00e7\u00e3o da For\u00e7a Naval, contribuindo para o bem-estar e a seguran\u00e7a da popula\u00e7\u00e3o local, al\u00e9m de treinar a tropa para o cumprimento da miss\u00e3o da Marinha na \u00e1rea de jurisdi\u00e7\u00e3o do Comando do 3\u00ba Distrito Naval, que abrange os estados do Cear\u00e1, Rio Grande do Norte, Para\u00edba, Pernambuco e Alagoas.<\/p>\n<p class=\"text-align-justify\">A cidade de Macei\u00f3 est\u00e1 localizada a 564 km de Natal, sede do Comando do 3\u00ba Distrito Naval. Parte da estrutura log\u00edstica foi deslocada da capital potiguar para que a Base Expedicion\u00e1ria fosse instalada na capital alagoana, o que ocorreu nesta segunda-feira (19). O Comandante do 3\u00ba Distrito Naval e do Grupo-Tarefa (CGT) da opera\u00e7\u00e3o, Vice-Almirante Jorge Jos\u00e9 de Moraes Rulff, comentou sobre o fato: \u201cO estabelecimento de uma Base Expedicion\u00e1ria representa a transfer\u00eancia de uma estrutura operacional e log\u00edstica para o local onde a atua\u00e7\u00e3o da Marinha se faz necess\u00e1ria \u2014 seja em situa\u00e7\u00f5es reais ou, como neste caso, em exerc\u00edcios. O desafio de deslocar pessoal, viaturas e equipamentos por centenas de quil\u00f4metros tamb\u00e9m faz parte do treinamento e da prepara\u00e7\u00e3o da For\u00e7a Naval, para que a Marinha esteja pronta e a servi\u00e7o da sociedade\u201d, explicou.<\/p>\n<p>A partir da Base Expedicion\u00e1ria, ser\u00e3o coordenados os exerc\u00edcios em terra e no ambiente h\u00eddrico, que ser\u00e3o executados pelo 3\u00ba Batalh\u00e3o de Opera\u00e7\u00f5es Litor\u00e2neas de Fuzileiros Navais e pela Capitania dos Portos de Alagoas. Durante a opera\u00e7\u00e3o, nos dias 20 e 21 de maio, ocorrer\u00e3o a\u00e7\u00f5es de patrulha motorizada, apoio \u00e0 inspe\u00e7\u00e3o naval, nata\u00e7\u00e3o utilit\u00e1ria na Praia de Ponta Verde e manobras com embarca\u00e7\u00f5es na Lagoa Munda\u00fa. No dia 22, ser\u00e1 realizado o exerc\u00edcio de defesa de porto (INTERPORTEX).<\/p>\n<p>Fonte: Ag\u00eancia Marinha de Not\u00edcias<\/p>\n","protected":false},"excerpt":{"rendered":"<p>A partir desta ter\u00e7a-feira (20), a Marinha do Brasil dar\u00e1 in\u00edcio a mais uma opera\u00e7\u00e3o na \u00e1rea de jurisdi\u00e7\u00e3o do Comando do 3\u00ba Distrito Naval,&#8230;<\/p>\n","protected":false},"author":1527,"featured_media":59096,"comment_status":"closed","ping_status":"closed","sticky":false,"template":"","format":"standard","meta":{"footnotes":""},"categories":[6],"tags":[],"class_list":["post-59094","post","type-post","status-publish","format-standard","has-post-thumbnail","hentry","category-noticias"],"_links":{"self":[{"href":"https:\/\/www.sincomam.org.br\/index.php\/wp-json\/wp\/v2\/posts\/59094","targetHints":{"allow":["GET"]}}],"collection":[{"href":"https:\/\/www.sincomam.org.br\/index.php\/wp-json\/wp\/v2\/posts"}],"about":[{"href":"https:\/\/www.sincomam.org.br\/index.php\/wp-json\/wp\/v2\/types\/post"}],"author":[{"embeddable":true,"href":"https:\/\/www.sincomam.org.br\/index.php\/wp-json\/wp\/v2\/users\/1527"}],"replies":[{"embeddable":true,"href":"https:\/\/www.sincomam.org.br\/index.php\/wp-json\/wp\/v2\/comments?post=59094"}],"version-history":[{"count":1,"href":"https:\/\/www.sincomam.org.br\/index.php\/wp-json\/wp\/v2\/posts\/59094\/revisions"}],"predecessor-version":[{"id":59097,"href":"https:\/\/www.sincomam.org.br\/index.php\/wp-json\/wp\/v2\/posts\/59094\/revisions\/59097"}],"wp:featuredmedia":[{"embeddable":true,"href":"https:\/\/www.sincomam.org.br\/index.php\/wp-json\/wp\/v2\/media\/59096"}],"wp:attachment":[{"href":"https:\/\/www.sincomam.org.br\/index.php\/wp-json\/wp\/v2\/media?parent=59094"}],"wp:term":[{"taxonomy":"category","embeddable":true,"href":"https:\/\/www.sincomam.org.br\/index.php\/wp-json\/wp\/v2\/categories?post=59094"},{"taxonomy":"post_tag","embeddable":true,"href":"https:\/\/www.sincomam.org.br\/index.php\/wp-json\/wp\/v2\/tags?post=59094"}],"curies":[{"name":"wp","href":"https:\/\/api.w.org\/{rel}","templated":true}]}}