{"id":59090,"date":"2025-05-20T11:44:25","date_gmt":"2025-05-20T14:44:25","guid":{"rendered":"https:\/\/www.sincomam.org.br\/?p=59090"},"modified":"2025-05-20T11:44:25","modified_gmt":"2025-05-20T14:44:25","slug":"aps-lanca-edital-para-modernizacao-da-sinalizacao-nautica-em-itajai","status":"publish","type":"post","link":"https:\/\/www.sincomam.org.br\/index.php\/aps-lanca-edital-para-modernizacao-da-sinalizacao-nautica-em-itajai\/","title":{"rendered":"APS lan\u00e7a edital para moderniza\u00e7\u00e3o da sinaliza\u00e7\u00e3o n\u00e1utica em Itaja\u00ed"},"content":{"rendered":"<p><span data-contrast=\"auto\">A Autoridade Portu\u00e1ria de Santos (APS) publicou dois novos editais para contrata\u00e7\u00f5es em maio. O primeiro busca uma empresa especializada em\u202fauditoria atuarial independente\u202fpara avaliar as atividades do Portus \u2013 Instituto de Seguridade Social.<\/span><\/p>\n<p><span data-contrast=\"auto\">O servi\u00e7o, com prazo de 12 meses, atende \u00e0 Resolu\u00e7\u00e3o CGPAR\/ME n\u00ba 38\/2022 e inclui an\u00e1lise de pol\u00edticas de investimentos, metodologia de c\u00e1lculos atuariais, equil\u00edbrio financeiro e governan\u00e7a.\u00a0<\/span><span data-ccp-props=\"{}\">\u00a0<\/span><\/p>\n<p><span data-contrast=\"auto\">J\u00e1 o segundo edital trata da\u202fmanuten\u00e7\u00e3o da sinaliza\u00e7\u00e3o n\u00e1utica do Porto de Itaja\u00ed (SC), sob administra\u00e7\u00e3o da APS, com investimento em conserva\u00e7\u00e3o de boias luminosas, far\u00f3is, reparos met\u00e1licos e fornecimento de pe\u00e7as sobressalentes.<\/span><\/p>\n<p><span data-contrast=\"auto\">O contrato, com dura\u00e7\u00e3o de 20 meses, prev\u00ea servi\u00e7os como inspe\u00e7\u00f5es semanais, reposicionamento de sinais, mergulhos subaqu\u00e1ticos e uso de embarca\u00e7\u00f5es equipadas com sistemas de rastreamento.\u00a0<\/span><span data-ccp-props=\"{}\">\u00a0<\/span><\/p>\n<p><span data-contrast=\"auto\">A auditoria do Portus assegurar\u00e1 o equil\u00edbrio econ\u00f4mico dos planos de previd\u00eancia, enquanto a moderniza\u00e7\u00e3o da sinaliza\u00e7\u00e3o n\u00e1utica em Itaja\u00ed garantir\u00e1 navega\u00e7\u00e3o segura em um dos principais canais de acesso portu\u00e1rio do pa\u00eds.<\/span><\/p>\n<p>Fonte: Porto Santos<\/p>\n","protected":false},"excerpt":{"rendered":"<p>A Autoridade Portu\u00e1ria de Santos (APS) publicou dois novos editais para contrata\u00e7\u00f5es em maio. O primeiro busca uma empresa especializada em\u202fauditoria atuarial independente\u202fpara avaliar as&#8230;<\/p>\n","protected":false},"author":1527,"featured_media":59092,"comment_status":"closed","ping_status":"closed","sticky":false,"template":"","format":"standard","meta":{"footnotes":""},"categories":[6],"tags":[],"class_list":["post-59090","post","type-post","status-publish","format-standard","has-post-thumbnail","hentry","category-noticias"],"_links":{"self":[{"href":"https:\/\/www.sincomam.org.br\/index.php\/wp-json\/wp\/v2\/posts\/59090","targetHints":{"allow":["GET"]}}],"collection":[{"href":"https:\/\/www.sincomam.org.br\/index.php\/wp-json\/wp\/v2\/posts"}],"about":[{"href":"https:\/\/www.sincomam.org.br\/index.php\/wp-json\/wp\/v2\/types\/post"}],"author":[{"embeddable":true,"href":"https:\/\/www.sincomam.org.br\/index.php\/wp-json\/wp\/v2\/users\/1527"}],"replies":[{"embeddable":true,"href":"https:\/\/www.sincomam.org.br\/index.php\/wp-json\/wp\/v2\/comments?post=59090"}],"version-history":[{"count":1,"href":"https:\/\/www.sincomam.org.br\/index.php\/wp-json\/wp\/v2\/posts\/59090\/revisions"}],"predecessor-version":[{"id":59093,"href":"https:\/\/www.sincomam.org.br\/index.php\/wp-json\/wp\/v2\/posts\/59090\/revisions\/59093"}],"wp:featuredmedia":[{"embeddable":true,"href":"https:\/\/www.sincomam.org.br\/index.php\/wp-json\/wp\/v2\/media\/59092"}],"wp:attachment":[{"href":"https:\/\/www.sincomam.org.br\/index.php\/wp-json\/wp\/v2\/media?parent=59090"}],"wp:term":[{"taxonomy":"category","embeddable":true,"href":"https:\/\/www.sincomam.org.br\/index.php\/wp-json\/wp\/v2\/categories?post=59090"},{"taxonomy":"post_tag","embeddable":true,"href":"https:\/\/www.sincomam.org.br\/index.php\/wp-json\/wp\/v2\/tags?post=59090"}],"curies":[{"name":"wp","href":"https:\/\/api.w.org\/{rel}","templated":true}]}}