{"id":59086,"date":"2025-05-20T11:42:42","date_gmt":"2025-05-20T14:42:42","guid":{"rendered":"https:\/\/www.sincomam.org.br\/?p=59086"},"modified":"2025-05-20T11:42:42","modified_gmt":"2025-05-20T14:42:42","slug":"porto-de-antuerpia-bruges-lanca-rebocador-totalmente-eletrico","status":"publish","type":"post","link":"https:\/\/www.sincomam.org.br\/index.php\/porto-de-antuerpia-bruges-lanca-rebocador-totalmente-eletrico\/","title":{"rendered":"Porto de Antu\u00e9rpia-Bruges lan\u00e7a rebocador totalmente el\u00e9trico"},"content":{"rendered":"<p>O Porto de Antu\u00e9rpia-Bruges lan\u00e7ou, na \u00faltima quinta-feira (16), o\u00a0<em>Volta 1<\/em>, apontado como o primeiro rebocador totalmente el\u00e9trico da Europa. A embarca\u00e7\u00e3o \u00e9 parte de um esfor\u00e7o do porto para tornar suas opera\u00e7\u00f5es climaticamente neutras at\u00e9 2050 e integra uma estrat\u00e9gia mais ampla de renova\u00e7\u00e3o da frota, que tamb\u00e9m inclui o uso de hidrog\u00eanio e metanol.<\/p>\n<p>O\u00a0<em>Volta 1<\/em>\u00a0\u00e9 um rebocador com tra\u00e7\u00e3o de popa reversa (RSD), com capacidade de reboque de 70 toneladas, desempenho equivalente ao de modelos a diesel. Movido por baterias de 2.782 MWh, pode operar por at\u00e9 12 horas com recarga completa em apenas duas horas por meio de uma esta\u00e7\u00e3o de 1,5 MW. A embarca\u00e7\u00e3o foi constru\u00edda pela Damen Shipyards Group, com fabrica\u00e7\u00e3o no Vietn\u00e3 e posterior prepara\u00e7\u00e3o operacional em Antu\u00e9rpia.<\/p>\n<p>A nova frota inclui ainda cinco rebocadores RSD movidos a diesel com sistemas de p\u00f3s-tratamento. A substitui\u00e7\u00e3o de embarca\u00e7\u00f5es antigas visa reduzir as emiss\u00f5es do servi\u00e7o de reboque, respons\u00e1vel por cerca de 85% do CO\u2082 ligado \u00e0 opera\u00e7\u00e3o portu\u00e1ria. O porto tamb\u00e9m est\u00e1 testando tecnologias de hidrog\u00eanio e metanol para avaliar desempenho, custos e autonomia.<\/p>\n<p>O lan\u00e7amento do\u00a0<em>Volta 1<\/em>\u00a0acontece no ano em que o porto celebra 150 anos de servi\u00e7o de reboque. A iniciativa faz parte do plano do Porto de Antu\u00e9rpia-Bruges de se tornar um porto multicombust\u00edvel e contribuir com solu\u00e7\u00f5es de baixo carbono para o setor mar\u00edtimo internacional.<\/p>\n<p>Fonte: Portos e Navios<\/p>\n","protected":false},"excerpt":{"rendered":"<p>O Porto de Antu\u00e9rpia-Bruges lan\u00e7ou, na \u00faltima quinta-feira (16), o\u00a0Volta 1, apontado como o primeiro rebocador totalmente el\u00e9trico da Europa. A embarca\u00e7\u00e3o \u00e9 parte de&#8230;<\/p>\n","protected":false},"author":1527,"featured_media":59088,"comment_status":"closed","ping_status":"closed","sticky":false,"template":"","format":"standard","meta":{"footnotes":""},"categories":[6],"tags":[],"class_list":["post-59086","post","type-post","status-publish","format-standard","has-post-thumbnail","hentry","category-noticias"],"_links":{"self":[{"href":"https:\/\/www.sincomam.org.br\/index.php\/wp-json\/wp\/v2\/posts\/59086","targetHints":{"allow":["GET"]}}],"collection":[{"href":"https:\/\/www.sincomam.org.br\/index.php\/wp-json\/wp\/v2\/posts"}],"about":[{"href":"https:\/\/www.sincomam.org.br\/index.php\/wp-json\/wp\/v2\/types\/post"}],"author":[{"embeddable":true,"href":"https:\/\/www.sincomam.org.br\/index.php\/wp-json\/wp\/v2\/users\/1527"}],"replies":[{"embeddable":true,"href":"https:\/\/www.sincomam.org.br\/index.php\/wp-json\/wp\/v2\/comments?post=59086"}],"version-history":[{"count":1,"href":"https:\/\/www.sincomam.org.br\/index.php\/wp-json\/wp\/v2\/posts\/59086\/revisions"}],"predecessor-version":[{"id":59089,"href":"https:\/\/www.sincomam.org.br\/index.php\/wp-json\/wp\/v2\/posts\/59086\/revisions\/59089"}],"wp:featuredmedia":[{"embeddable":true,"href":"https:\/\/www.sincomam.org.br\/index.php\/wp-json\/wp\/v2\/media\/59088"}],"wp:attachment":[{"href":"https:\/\/www.sincomam.org.br\/index.php\/wp-json\/wp\/v2\/media?parent=59086"}],"wp:term":[{"taxonomy":"category","embeddable":true,"href":"https:\/\/www.sincomam.org.br\/index.php\/wp-json\/wp\/v2\/categories?post=59086"},{"taxonomy":"post_tag","embeddable":true,"href":"https:\/\/www.sincomam.org.br\/index.php\/wp-json\/wp\/v2\/tags?post=59086"}],"curies":[{"name":"wp","href":"https:\/\/api.w.org\/{rel}","templated":true}]}}