{"id":59064,"date":"2025-05-19T07:27:50","date_gmt":"2025-05-19T10:27:50","guid":{"rendered":"https:\/\/www.sincomam.org.br\/?p=59064"},"modified":"2025-05-19T07:27:50","modified_gmt":"2025-05-19T10:27:50","slug":"portos-do-parana-e-vencedora-em-mais-um-premio-do-oscar-dos-portos-das-americas-2","status":"publish","type":"post","link":"https:\/\/www.sincomam.org.br\/index.php\/portos-do-parana-e-vencedora-em-mais-um-premio-do-oscar-dos-portos-das-americas-2\/","title":{"rendered":"Portos do Paran\u00e1 \u00e9 vencedora em mais um pr\u00eamio do \u201cOscar dos Portos\u201d das Am\u00e9ricas"},"content":{"rendered":"<p>Em menos de uma semana, a Portos do Paran\u00e1 foi vencedora em mais uma categoria da premia\u00e7\u00e3o do chamado \u201cOscar dos Portos\u201d nas Am\u00e9ricas, a AAPA LATAM 2025 (Delega\u00e7\u00e3o Latino-Americana da Associa\u00e7\u00e3o Americana de Autoridades Portu\u00e1rias). A Autoridade Portu\u00e1ria \u00e9 a \u00fanica empresa a receber dois pr\u00eamios na mesma celebra\u00e7\u00e3o. O an\u00fancio do Pr\u00eamio Legado, na categoria Desenvolvimento Sustent\u00e1vel \u2013 \u201cAgust\u00edn D\u00edaz\u201d, foi feito nesta quarta-feira (14).<\/p>\n<p>\u201cN\u00f3s temos um compromisso com a transforma\u00e7\u00e3o sustent\u00e1vel dos portos paranaenses, e \u00e9 uma honra ver o nosso trabalho sendo destaque entre portos da Am\u00e9rica Latina e do Caribe\u201d, enfatizou o diretor-presidente da Portos do Paran\u00e1, Luiz Fernando Garcia.<\/p>\n<p>O resultado foi alcan\u00e7ado ap\u00f3s uma an\u00e1lise criteriosa realizada pelo j\u00fari, composto por representantes da Associa\u00e7\u00e3o Americana de Autoridades Portu\u00e1rias \u2013 AAPA LATAM \u2013 e por especialistas independentes convidados pela organiza\u00e7\u00e3o, o que demonstra a seriedade e isen\u00e7\u00e3o das escolhas. Todas as candidaturas foram avaliadas com base em crit\u00e9rios t\u00e9cnicos e estrat\u00e9gicos previamente definidos, com destaque para a inova\u00e7\u00e3o, o impacto e a contribui\u00e7\u00e3o para o desenvolvimento sustent\u00e1vel do setor.<\/p>\n<p>\u201c\u00c9 gratificante ver um trabalho simples mas diferente que a Portos do Paran\u00e1 vem fazendo h\u00e1 seis anos, ser reconhecido internacionalmente. A inser\u00e7\u00e3o da metodologia da Permacultura dentro das a\u00e7\u00f5es de educa\u00e7\u00e3o ambiental foi uma pr\u00e1tica que deu realmente certo. Com ela abordamos problemas coletivos comuns das comunidades do nosso entorno, utilizando solu\u00e7\u00f5es baseadas na natureza e isso \u00e9 muito inovador\u201d, enfatizou o diretor de Meio Ambiente da Portos do Paran\u00e1, Jo\u00e3o Paulo Santana.<\/p>\n<p>\u201cA iniciativa apresentada pela Portos do Paran\u00e1 foi reconhecida como uma solu\u00e7\u00e3o transformadora, com um enfoque integrado em sustentabilidade ambiental e responsabilidade social\u201d, segundo comunicado oficial do evento.<\/p>\n<p>O mesmo trabalho tamb\u00e9m foi reconhecido com o Pr\u00eamio ANTAQ 2024, da Ag\u00eancia Nacional de Transportes Aquavi\u00e1rios, na categoria Iniciativas Inovadoras em Emerg\u00eancia Clim\u00e1tica em ESG. Outro pr\u00eamio foi o Portos e Navios de Responsabilidade Socioambiental entregue no ano passado pela Portos e Navios para a autoridade portu\u00e1ria.<\/p>\n<p>O projeto apresentado pela Autoridade Portu\u00e1ria foi realizado em parceria com a Universidade Federal do Paran\u00e1 (UFPR), para instalar sistemas ecol\u00f3gicos de tratamento de esgoto em 60 resid\u00eancias na Ilha de Eufrasina, atendendo 100% das casas da comunidade local.<\/p>\n<p>As a\u00e7\u00f5es nas \u00e1reas de meio ambiente e sustentabilidade desenvolvidos pela Portos do Paran\u00e1 s\u00e3o destaques em todo o mundo. A empresa \u00e9 a \u00fanica a participar cinco vezes seguidas da Confer\u00eancia das Na\u00e7\u00f5es Unidas sobre as Mudan\u00e7as Clim\u00e1ticas (COP), como convidada para representar o setor portu\u00e1rio mundial. No ano passado, a Portos do Paran\u00e1 esteve na COP 29, realizada no Azerbaij\u00e3o.<\/p>\n<p><strong>Premia\u00e7\u00e3o<\/strong><\/p>\n<p>A cerim\u00f4nia de premia\u00e7\u00e3o ser\u00e1 realizada durante a Confer\u00eancia AAPA LATAM 2025, em Lima, no Peru, no dia 25 de junho. No mesmo dia, a Autoridade Portu\u00e1ria receber\u00e1 outro pr\u00eamio: o de Excel\u00eancia da Ind\u00fastria Portu\u00e1ria, na categoria Desempenho e Crescimento Portu\u00e1rios.<\/p>\n<p>Fonte: Informativo dos Portos<\/p>\n","protected":false},"excerpt":{"rendered":"<p>Em menos de uma semana, a Portos do Paran\u00e1 foi vencedora em mais uma categoria da premia\u00e7\u00e3o do chamado \u201cOscar dos Portos\u201d nas Am\u00e9ricas, a&#8230;<\/p>\n","protected":false},"author":1527,"featured_media":59066,"comment_status":"closed","ping_status":"closed","sticky":false,"template":"","format":"standard","meta":{"footnotes":""},"categories":[6],"tags":[],"class_list":["post-59064","post","type-post","status-publish","format-standard","has-post-thumbnail","hentry","category-noticias"],"_links":{"self":[{"href":"https:\/\/www.sincomam.org.br\/index.php\/wp-json\/wp\/v2\/posts\/59064","targetHints":{"allow":["GET"]}}],"collection":[{"href":"https:\/\/www.sincomam.org.br\/index.php\/wp-json\/wp\/v2\/posts"}],"about":[{"href":"https:\/\/www.sincomam.org.br\/index.php\/wp-json\/wp\/v2\/types\/post"}],"author":[{"embeddable":true,"href":"https:\/\/www.sincomam.org.br\/index.php\/wp-json\/wp\/v2\/users\/1527"}],"replies":[{"embeddable":true,"href":"https:\/\/www.sincomam.org.br\/index.php\/wp-json\/wp\/v2\/comments?post=59064"}],"version-history":[{"count":1,"href":"https:\/\/www.sincomam.org.br\/index.php\/wp-json\/wp\/v2\/posts\/59064\/revisions"}],"predecessor-version":[{"id":59067,"href":"https:\/\/www.sincomam.org.br\/index.php\/wp-json\/wp\/v2\/posts\/59064\/revisions\/59067"}],"wp:featuredmedia":[{"embeddable":true,"href":"https:\/\/www.sincomam.org.br\/index.php\/wp-json\/wp\/v2\/media\/59066"}],"wp:attachment":[{"href":"https:\/\/www.sincomam.org.br\/index.php\/wp-json\/wp\/v2\/media?parent=59064"}],"wp:term":[{"taxonomy":"category","embeddable":true,"href":"https:\/\/www.sincomam.org.br\/index.php\/wp-json\/wp\/v2\/categories?post=59064"},{"taxonomy":"post_tag","embeddable":true,"href":"https:\/\/www.sincomam.org.br\/index.php\/wp-json\/wp\/v2\/tags?post=59064"}],"curies":[{"name":"wp","href":"https:\/\/api.w.org\/{rel}","templated":true}]}}