{"id":59052,"date":"2025-05-19T07:23:00","date_gmt":"2025-05-19T10:23:00","guid":{"rendered":"https:\/\/www.sincomam.org.br\/?p=59052"},"modified":"2025-05-19T07:23:00","modified_gmt":"2025-05-19T10:23:00","slug":"segundo-bloco-de-leiloes-portuarios-de-2025-preve-r-1-bilhao-de-investimentos","status":"publish","type":"post","link":"https:\/\/www.sincomam.org.br\/index.php\/segundo-bloco-de-leiloes-portuarios-de-2025-preve-r-1-bilhao-de-investimentos\/","title":{"rendered":"Segundo bloco de leil\u00f5es portu\u00e1rios de 2025 prev\u00ea R$ 1 bilh\u00e3o de investimentos"},"content":{"rendered":"<p>O Minist\u00e9rio de Portos e Aeroportos (MPor) confirmou, nesta sexta-feira (16), o segundo bloco de leil\u00f5es portu\u00e1rios de 2025, com valor total estimado em R$ 1,03 bilh\u00e3o. A expectativa \u00e9 realizar os leil\u00f5es em julho, ap\u00f3s a aprova\u00e7\u00e3o dos estudos e a publica\u00e7\u00e3o do edital pela Ag\u00eancia Nacional de Transportes Aquavi\u00e1rios (Antaq). O bloco re\u00fane quatro terminais localizados nos portos do Rio de Janeiro (RJ), Porto Alegre (RS), Vila do Conde (PA) e Macei\u00f3 (AL), destinados \u00e0 movimenta\u00e7\u00e3o de gran\u00e9is s\u00f3lidos, petr\u00f3leo e passageiros.<\/p>\n<p>O terminal VCD29, no Porto de Vila do Conde, em Barcarena (PA), ter\u00e1 investimento de R$ 908,5 milh\u00f5es para movimenta\u00e7\u00e3o de gran\u00e9is s\u00f3lidos vegetais, como soja e milho, com contrato de 25 anos. O terminal RDJ07, no Porto do Rio de Janeiro, especializado em carga offshore de petr\u00f3leo, contar\u00e1 com R$ 99,4 milh\u00f5es em investimentos, tamb\u00e9m com prazo de 25 anos.<\/p>\n<p>J\u00e1 o terminal POA26, localizado no Porto de Porto Alegre, ter\u00e1 investimento de R$ 21,1 milh\u00f5es, com concess\u00e3o de 10 anos, para movimenta\u00e7\u00e3o e armazenagem de granel s\u00f3lido. Em Macei\u00f3, o TMP ser\u00e1 voltado ao embarque e desembarque de passageiros e contar\u00e1 com investimento de R$ 3,7 milh\u00f5es, com prazo de 25 anos, incluindo a constru\u00e7\u00e3o de um estacionamento.<\/p>\n<p>O an\u00fancio ocorre ap\u00f3s o leil\u00e3o de abril que movimentou R$ 2 bilh\u00f5es em investimentos. Segundo o ministro Silvio Costa Filho, a iniciativa integra o calend\u00e1rio de concess\u00f5es do governo federal, que prev\u00ea a realiza\u00e7\u00e3o de aproximadamente 60 leil\u00f5es portu\u00e1rios nos pr\u00f3ximos quatro anos.<\/p>\n<p>Fonte: Portos e Navios<\/p>\n","protected":false},"excerpt":{"rendered":"<p>O Minist\u00e9rio de Portos e Aeroportos (MPor) confirmou, nesta sexta-feira (16), o segundo bloco de leil\u00f5es portu\u00e1rios de 2025, com valor total estimado em R$&#8230;<\/p>\n","protected":false},"author":1527,"featured_media":59054,"comment_status":"closed","ping_status":"closed","sticky":false,"template":"","format":"standard","meta":{"footnotes":""},"categories":[6],"tags":[],"class_list":["post-59052","post","type-post","status-publish","format-standard","has-post-thumbnail","hentry","category-noticias"],"_links":{"self":[{"href":"https:\/\/www.sincomam.org.br\/index.php\/wp-json\/wp\/v2\/posts\/59052","targetHints":{"allow":["GET"]}}],"collection":[{"href":"https:\/\/www.sincomam.org.br\/index.php\/wp-json\/wp\/v2\/posts"}],"about":[{"href":"https:\/\/www.sincomam.org.br\/index.php\/wp-json\/wp\/v2\/types\/post"}],"author":[{"embeddable":true,"href":"https:\/\/www.sincomam.org.br\/index.php\/wp-json\/wp\/v2\/users\/1527"}],"replies":[{"embeddable":true,"href":"https:\/\/www.sincomam.org.br\/index.php\/wp-json\/wp\/v2\/comments?post=59052"}],"version-history":[{"count":1,"href":"https:\/\/www.sincomam.org.br\/index.php\/wp-json\/wp\/v2\/posts\/59052\/revisions"}],"predecessor-version":[{"id":59055,"href":"https:\/\/www.sincomam.org.br\/index.php\/wp-json\/wp\/v2\/posts\/59052\/revisions\/59055"}],"wp:featuredmedia":[{"embeddable":true,"href":"https:\/\/www.sincomam.org.br\/index.php\/wp-json\/wp\/v2\/media\/59054"}],"wp:attachment":[{"href":"https:\/\/www.sincomam.org.br\/index.php\/wp-json\/wp\/v2\/media?parent=59052"}],"wp:term":[{"taxonomy":"category","embeddable":true,"href":"https:\/\/www.sincomam.org.br\/index.php\/wp-json\/wp\/v2\/categories?post=59052"},{"taxonomy":"post_tag","embeddable":true,"href":"https:\/\/www.sincomam.org.br\/index.php\/wp-json\/wp\/v2\/tags?post=59052"}],"curies":[{"name":"wp","href":"https:\/\/api.w.org\/{rel}","templated":true}]}}