{"id":5905,"date":"2014-06-06T08:20:30","date_gmt":"2014-06-06T11:20:30","guid":{"rendered":"http:\/\/www.sincomam.org.br\/?p=5905"},"modified":"2014-06-06T22:32:58","modified_gmt":"2014-06-07T01:32:58","slug":"acordo-brasil-uruguai-deve-ampliar-presenca-da-america-do-sul-na-marintec-south-america-navalshore","status":"publish","type":"post","link":"https:\/\/www.sincomam.org.br\/index.php\/acordo-brasil-uruguai-deve-ampliar-presenca-da-america-do-sul-na-marintec-south-america-navalshore\/","title":{"rendered":"Acordo Brasil &#8211; Uruguai deve ampliar presen\u00e7a da Am\u00e9rica do Sul na Marintec South America \u2013 Navalshore"},"content":{"rendered":"<p>A visita\u00e7\u00e3o sul-americana deve superar 25% do p\u00fablico total, formado por mais de 18 mil empres\u00e1rios e profissionais que buscam estreitar rela\u00e7\u00f5es comerciais com o Brasil. Empresas uruguaias tamb\u00e9m estar\u00e3o reunidas em um pavilh\u00e3o internacional.<\/p>\n<p>Principal evento mar\u00edtimo da Am\u00e9rica Latina, respons\u00e1vel por reunir armadores, estaleiros e fornecedores da cadeia naval e offshore, a Marintec South America &#8211; 11\u00aa Navalshore atrai cada vez mais a participa\u00e7\u00e3o de pa\u00edses da Europa e \u00c1frica, Am\u00e9rica do Sul, Am\u00e9rica do Norte e Central, \u00c1sia e Oceania. Este ano o evento, que acontece de 12 a 14 de agosto, no Rio de Janeiro (RJ), deve receber mais de 18 mil empres\u00e1rios e profissionais do setor e ampliar e a participa\u00e7\u00e3o estrangeira, em especial, a da Am\u00e9rica do Sul, que responde por 25% desta visita\u00e7\u00e3o.<\/p>\n<p>\u201cAcreditamos que o acordo rec\u00e9m firmado entre Brasil e Uruguai, para a integra\u00e7\u00e3o produtiva dos dois pa\u00edses, dar\u00e1 novo impulso \u00e0 ind\u00fastria naval, pois os dois governos promover\u00e3o o acesso rec\u00edproco de bens e servi\u00e7os de empresas brasileiras e uruguaias e reconhecer\u00e3o o conte\u00fado local\u201d, destaca Renan Joel, gerente do evento.<\/p>\n<p>Ainda segundo Joel, diversas empresas uruguaias j\u00e1 confirmaram a participa\u00e7\u00e3o no evento. \u201cA rela\u00e7\u00e3o entre as cadeias produtivas brasileira e uruguaia deve ter impacto positivo na gera\u00e7\u00e3o de neg\u00f3cios entre ambas ind\u00fastrias na feira. A Argentina \u00e9 outro pa\u00eds do continente sul-americano que ter\u00e1 um pr\u00f3prio pavilh\u00e3o e merece destaque\u201d, acrescenta Joel.<\/p>\n<p>Em 2014, al\u00e9m dos pavilh\u00f5es do Uruguai e da Argentina, a Marintec ter\u00e1 outros 10 dedicados aos expositores internacionais, de pa\u00edses como Alemanha, Canad\u00e1, China, Coreia do Sul, Dinamarca, Holanda, Jap\u00e3o, Noruega, Pol\u00f4nia e Reino Unido. Em 2013, a iniciativa dos expositores foi recompensada pela presen\u00e7a maci\u00e7a de visitantes, somando 17.314 profissionais.<\/p>\n<p>\u201cOutro fator que est\u00e1 no radar das empresas internacionais e as atrai ao evento \u00e9 o volume de investimentos programado pela ind\u00fastria da constru\u00e7\u00e3o naval brasileira, que em 2013 chegou a R$ 5 bilh\u00f5es. A inje\u00e7\u00e3o de recursos permitiu a entrega de 77 embarca\u00e7\u00f5es\u201d, conclui Joel.<\/p>\n","protected":false},"excerpt":{"rendered":"<p>A visita\u00e7\u00e3o sul-americana deve superar 25% do p\u00fablico total, formado por mais de 18 mil empres\u00e1rios e profissionais que buscam estreitar rela\u00e7\u00f5es comerciais com o&#8230;<\/p>\n","protected":false},"author":1182,"featured_media":5688,"comment_status":"closed","ping_status":"closed","sticky":false,"template":"","format":"standard","meta":{"footnotes":""},"categories":[6],"tags":[],"class_list":["post-5905","post","type-post","status-publish","format-standard","has-post-thumbnail","hentry","category-noticias"],"_links":{"self":[{"href":"https:\/\/www.sincomam.org.br\/index.php\/wp-json\/wp\/v2\/posts\/5905","targetHints":{"allow":["GET"]}}],"collection":[{"href":"https:\/\/www.sincomam.org.br\/index.php\/wp-json\/wp\/v2\/posts"}],"about":[{"href":"https:\/\/www.sincomam.org.br\/index.php\/wp-json\/wp\/v2\/types\/post"}],"author":[{"embeddable":true,"href":"https:\/\/www.sincomam.org.br\/index.php\/wp-json\/wp\/v2\/users\/1182"}],"replies":[{"embeddable":true,"href":"https:\/\/www.sincomam.org.br\/index.php\/wp-json\/wp\/v2\/comments?post=5905"}],"version-history":[{"count":1,"href":"https:\/\/www.sincomam.org.br\/index.php\/wp-json\/wp\/v2\/posts\/5905\/revisions"}],"predecessor-version":[{"id":5906,"href":"https:\/\/www.sincomam.org.br\/index.php\/wp-json\/wp\/v2\/posts\/5905\/revisions\/5906"}],"wp:featuredmedia":[{"embeddable":true,"href":"https:\/\/www.sincomam.org.br\/index.php\/wp-json\/wp\/v2\/media\/5688"}],"wp:attachment":[{"href":"https:\/\/www.sincomam.org.br\/index.php\/wp-json\/wp\/v2\/media?parent=5905"}],"wp:term":[{"taxonomy":"category","embeddable":true,"href":"https:\/\/www.sincomam.org.br\/index.php\/wp-json\/wp\/v2\/categories?post=5905"},{"taxonomy":"post_tag","embeddable":true,"href":"https:\/\/www.sincomam.org.br\/index.php\/wp-json\/wp\/v2\/tags?post=5905"}],"curies":[{"name":"wp","href":"https:\/\/api.w.org\/{rel}","templated":true}]}}