{"id":59020,"date":"2025-05-16T11:57:43","date_gmt":"2025-05-16T14:57:43","guid":{"rendered":"https:\/\/www.sincomam.org.br\/?p=59020"},"modified":"2025-05-16T11:57:43","modified_gmt":"2025-05-16T14:57:43","slug":"licitacoes-dos-terminais-de-passageiros-do-recife-e-de-graneis-no-itaqui-avancam-na-antaq","status":"publish","type":"post","link":"https:\/\/www.sincomam.org.br\/index.php\/licitacoes-dos-terminais-de-passageiros-do-recife-e-de-graneis-no-itaqui-avancam-na-antaq\/","title":{"rendered":"Licita\u00e7\u00f5es dos terminais de passageiros do Recife e de gran\u00e9is no Itaqui avan\u00e7am na Antaq"},"content":{"rendered":"<p>A Antaq aprovou nesta ter\u00e7a-feira, 13 de maio, o encaminhamento dos documentos licitat\u00f3rios para os arrendamentos do Terminal Mar\u00edtimo de Passageiros do Porto de Recife (TMP-Recife) e da \u00e1rea IQI16, no Porto do Itaqui, no Maranh\u00e3o. As propostas seguem agora para an\u00e1lise do Minist\u00e9rio de Portos e Aeroportos (MPor) e, posteriormente, do Tribunal de Contas da Uni\u00e3o (TCU).<\/p>\n<p>No caso do TMP-Recife, a previs\u00e3o de investimento direto \u00e9 de R$ 1,3 milh\u00e3o ao longo dos 25 anos de contrato. A audi\u00eancia p\u00fablica sobre o terminal foi realizada em setembro de 2023. J\u00e1 a \u00e1rea IQI16 ser\u00e1 destinada \u00e0 movimenta\u00e7\u00e3o e armazenagem de gran\u00e9is s\u00f3lidos minerais, especialmente fertilizantes, com previs\u00e3o de investimento de R$ 41,07 milh\u00f5es. A audi\u00eancia p\u00fablica sobre essa \u00e1rea ocorreu em novembro de 2024.<\/p>\n<p>Para o terminal IQI16, a Antaq estabeleceu que empresas com participa\u00e7\u00e3o atual no mercado de fertilizantes no Porto do Itaqui s\u00f3 poder\u00e3o vencer o leil\u00e3o caso n\u00e3o haja propostas v\u00e1lidas de outras companhias. Al\u00e9m disso, foi determinado que a autoridade portu\u00e1ria d\u00ea prioridade de atraca\u00e7\u00e3o \u00e0s opera\u00e7\u00f5es relacionadas ao arrendamento.<\/p>\n<p>Fonte: Portos e Navios<\/p>\n","protected":false},"excerpt":{"rendered":"<p>A Antaq aprovou nesta ter\u00e7a-feira, 13 de maio, o encaminhamento dos documentos licitat\u00f3rios para os arrendamentos do Terminal Mar\u00edtimo de Passageiros do Porto de Recife&#8230;<\/p>\n","protected":false},"author":1527,"featured_media":59022,"comment_status":"closed","ping_status":"closed","sticky":false,"template":"","format":"standard","meta":{"footnotes":""},"categories":[6],"tags":[],"class_list":["post-59020","post","type-post","status-publish","format-standard","has-post-thumbnail","hentry","category-noticias"],"_links":{"self":[{"href":"https:\/\/www.sincomam.org.br\/index.php\/wp-json\/wp\/v2\/posts\/59020","targetHints":{"allow":["GET"]}}],"collection":[{"href":"https:\/\/www.sincomam.org.br\/index.php\/wp-json\/wp\/v2\/posts"}],"about":[{"href":"https:\/\/www.sincomam.org.br\/index.php\/wp-json\/wp\/v2\/types\/post"}],"author":[{"embeddable":true,"href":"https:\/\/www.sincomam.org.br\/index.php\/wp-json\/wp\/v2\/users\/1527"}],"replies":[{"embeddable":true,"href":"https:\/\/www.sincomam.org.br\/index.php\/wp-json\/wp\/v2\/comments?post=59020"}],"version-history":[{"count":1,"href":"https:\/\/www.sincomam.org.br\/index.php\/wp-json\/wp\/v2\/posts\/59020\/revisions"}],"predecessor-version":[{"id":59023,"href":"https:\/\/www.sincomam.org.br\/index.php\/wp-json\/wp\/v2\/posts\/59020\/revisions\/59023"}],"wp:featuredmedia":[{"embeddable":true,"href":"https:\/\/www.sincomam.org.br\/index.php\/wp-json\/wp\/v2\/media\/59022"}],"wp:attachment":[{"href":"https:\/\/www.sincomam.org.br\/index.php\/wp-json\/wp\/v2\/media?parent=59020"}],"wp:term":[{"taxonomy":"category","embeddable":true,"href":"https:\/\/www.sincomam.org.br\/index.php\/wp-json\/wp\/v2\/categories?post=59020"},{"taxonomy":"post_tag","embeddable":true,"href":"https:\/\/www.sincomam.org.br\/index.php\/wp-json\/wp\/v2\/tags?post=59020"}],"curies":[{"name":"wp","href":"https:\/\/api.w.org\/{rel}","templated":true}]}}