{"id":58976,"date":"2025-05-14T12:03:40","date_gmt":"2025-05-14T15:03:40","guid":{"rendered":"https:\/\/www.sincomam.org.br\/?p=58976"},"modified":"2025-05-14T12:03:40","modified_gmt":"2025-05-14T15:03:40","slug":"marinha-retira-uma-tonelada-de-lixo-do-mar-em-fortaleza","status":"publish","type":"post","link":"https:\/\/www.sincomam.org.br\/index.php\/marinha-retira-uma-tonelada-de-lixo-do-mar-em-fortaleza\/","title":{"rendered":"Marinha retira uma tonelada de lixo do mar em Fortaleza"},"content":{"rendered":"<p class=\"\" data-start=\"218\" data-end=\"574\">Em uma manh\u00e3 de conscientiza\u00e7\u00e3o e a\u00e7\u00e3o ambiental, militares da\u00a0Marinha do Brasil\u00a0recolheram cerca de\u00a0uma tonelada de res\u00edduos\u00a0da praia dos Botes, em Fortaleza (CE). A opera\u00e7\u00e3o, coordenada pela Capitania dos Portos do Cear\u00e1, reuniu aproximadamente 30 militares e teve como foco a preserva\u00e7\u00e3o do ecossistema marinho e o refor\u00e7o da seguran\u00e7a da navega\u00e7\u00e3o.<\/p>\n<h3 data-start=\"581\" data-end=\"632\"><em>Polui\u00e7\u00e3o marinha: um desafio ambiental em foco<\/em><\/h3>\n<p class=\"\" data-start=\"634\" data-end=\"959\">Durante a a\u00e7\u00e3o realizada no dia 28 de abril, foram removidos res\u00edduos como\u00a0cabos,\u00a0redes de pesca,\u00a0roupas\u00a0e\u00a0garrafas pl\u00e1sticas\u00a0\u2014 materiais que representam amea\u00e7a direta \u00e0\u00a0fauna marinha, aos\u00a0recifes de corais\u00a0e \u00e0s\u00a0atividades econ\u00f4micas\u00a0que dependem do mar limpo, como a pesca artesanal e o turismo.<\/p>\n<p class=\"\" data-start=\"961\" data-end=\"1306\">A\u00a0polui\u00e7\u00e3o marinha\u00a0\u00e9 uma das principais preocupa\u00e7\u00f5es ambientais do s\u00e9culo XXI, afetando a sa\u00fade dos oceanos e contribuindo para o desequil\u00edbrio ecol\u00f3gico. Ao retirar esse material do litoral cearense, a\u00a0Marinha do\u00a0Brasil\u00a0n\u00e3o apenas protege a biodiversidade local, mas tamb\u00e9m contribui para a\u00a0resili\u00eancia clim\u00e1tica\u00a0da regi\u00e3o costeira.<\/p>\n<h3 data-start=\"1313\" data-end=\"1361\"><em>Consci\u00eancia ambiental no DNA da For\u00e7a Naval<\/em><\/h3>\n<p class=\"\" data-start=\"1363\" data-end=\"1716\">A atividade tamb\u00e9m refor\u00e7a a import\u00e2ncia da\u00a0educa\u00e7\u00e3o ambiental\u00a0dentro das estruturas militares. Ao envolver seus pr\u00f3prios efetivos em a\u00e7\u00f5es pr\u00e1ticas de\u00a0sustentabilidade, a Marinha estimula o senso de\u00a0responsabilidade socioambiental\u00a0entre os militares e demonstra \u00e0 sociedade civil o papel ativo das For\u00e7as Armadas na defesa do meio ambiente.<\/p>\n<p class=\"\" data-start=\"1718\" data-end=\"2001\">Essas iniciativas complementam campanhas educativas realizadas pela\u00a0Capitania dos Portos\u00a0e promovem uma\u00a0cultura de preserva\u00e7\u00e3o\u00a0e\u00a0cuidado com o mar\u00a0entre jovens, pescadores e comunidades litor\u00e2neas, fomentando o engajamento coletivo pela conserva\u00e7\u00e3o dos recursos naturais.<\/p>\n<h3 data-start=\"2008\" data-end=\"2057\"><em>Navega\u00e7\u00e3o segura e praias urbanas protegidas<\/em><\/h3>\n<p class=\"\" data-start=\"2059\" data-end=\"2288\">Al\u00e9m dos benef\u00edcios ecol\u00f3gicos, a retirada dos res\u00edduos contribui para a\u00a0seguran\u00e7a da navega\u00e7\u00e3o, evitando acidentes com embarca\u00e7\u00f5es e melhorando a qualidade das rotas mar\u00edtimas utilizadas por pescadores e navegadores locais.<\/p>\n<p class=\"\" data-start=\"2290\" data-end=\"2731\">A\u00a0praia dos Botes, localizada em uma \u00e1rea urbana de\u00a0Fortaleza, \u00e9 frequentada por banhistas e pequenas embarca\u00e7\u00f5es. Com a remo\u00e7\u00e3o dos detritos, h\u00e1 uma melhoria imediata na\u00a0paisagem costeira, no\u00a0turismo local\u00a0e no conforto dos moradores. A a\u00e7\u00e3o mostra como a\u00a0Marinha do Brasil, por meio da\u00a0Capitania dos Portos do Cear\u00e1, atua de forma direta para proteger o ambiente e promover o uso sustent\u00e1vel das praias brasileiras.<\/p>\n<p data-start=\"2290\" data-end=\"2731\">Fonte: Defesa em Foco<\/p>\n","protected":false},"excerpt":{"rendered":"<p>Em uma manh\u00e3 de conscientiza\u00e7\u00e3o e a\u00e7\u00e3o ambiental, militares da\u00a0Marinha do Brasil\u00a0recolheram cerca de\u00a0uma tonelada de res\u00edduos\u00a0da praia dos Botes, em Fortaleza (CE). A opera\u00e7\u00e3o,&#8230;<\/p>\n","protected":false},"author":1527,"featured_media":58978,"comment_status":"closed","ping_status":"closed","sticky":false,"template":"","format":"standard","meta":{"footnotes":""},"categories":[6],"tags":[],"class_list":["post-58976","post","type-post","status-publish","format-standard","has-post-thumbnail","hentry","category-noticias"],"_links":{"self":[{"href":"https:\/\/www.sincomam.org.br\/index.php\/wp-json\/wp\/v2\/posts\/58976","targetHints":{"allow":["GET"]}}],"collection":[{"href":"https:\/\/www.sincomam.org.br\/index.php\/wp-json\/wp\/v2\/posts"}],"about":[{"href":"https:\/\/www.sincomam.org.br\/index.php\/wp-json\/wp\/v2\/types\/post"}],"author":[{"embeddable":true,"href":"https:\/\/www.sincomam.org.br\/index.php\/wp-json\/wp\/v2\/users\/1527"}],"replies":[{"embeddable":true,"href":"https:\/\/www.sincomam.org.br\/index.php\/wp-json\/wp\/v2\/comments?post=58976"}],"version-history":[{"count":1,"href":"https:\/\/www.sincomam.org.br\/index.php\/wp-json\/wp\/v2\/posts\/58976\/revisions"}],"predecessor-version":[{"id":58979,"href":"https:\/\/www.sincomam.org.br\/index.php\/wp-json\/wp\/v2\/posts\/58976\/revisions\/58979"}],"wp:featuredmedia":[{"embeddable":true,"href":"https:\/\/www.sincomam.org.br\/index.php\/wp-json\/wp\/v2\/media\/58978"}],"wp:attachment":[{"href":"https:\/\/www.sincomam.org.br\/index.php\/wp-json\/wp\/v2\/media?parent=58976"}],"wp:term":[{"taxonomy":"category","embeddable":true,"href":"https:\/\/www.sincomam.org.br\/index.php\/wp-json\/wp\/v2\/categories?post=58976"},{"taxonomy":"post_tag","embeddable":true,"href":"https:\/\/www.sincomam.org.br\/index.php\/wp-json\/wp\/v2\/tags?post=58976"}],"curies":[{"name":"wp","href":"https:\/\/api.w.org\/{rel}","templated":true}]}}