{"id":58970,"date":"2025-05-14T11:46:15","date_gmt":"2025-05-14T14:46:15","guid":{"rendered":"https:\/\/www.sincomam.org.br\/?p=58970"},"modified":"2025-05-14T11:46:15","modified_gmt":"2025-05-14T14:46:15","slug":"ministerio-de-portos-e-aeroportos-lidera-discussoes-sobre-logistica-sustentavel-no-gt-do-brics","status":"publish","type":"post","link":"https:\/\/www.sincomam.org.br\/index.php\/ministerio-de-portos-e-aeroportos-lidera-discussoes-sobre-logistica-sustentavel-no-gt-do-brics\/","title":{"rendered":"Minist\u00e9rio de Portos e Aeroportos lidera discuss\u00f5es sobre log\u00edstica sustent\u00e1vel no GT do Brics"},"content":{"rendered":"<p>O Minist\u00e9rio de Portos e Aeroportos (MPor) segue como ator-chave no setor de infraestrutura global, presidindo e participando tecnicamente da 3\u00aa Reuni\u00e3o do Grupo de Trabalho de Transportes do Brics. O encontro ocorreu nesta ter\u00e7a-feira (13), no Serpro, em Bras\u00edlia, reunindo delegados dos pa\u00edses integrantes do grupo para definir alinhamentos sobre transporte sustent\u00e1vel, log\u00edstica internacional e conectividade a\u00e9rea. O pr\u00f3ximo encontro entre os representantes do bloco ser\u00e1 realizado na quarta-feira (14), no Itamaraty, para a assinatura da declara\u00e7\u00e3o ministerial. Na ocasi\u00e3o, al\u00e9m do MPor, estar\u00e3o presentes representantes dos Minist\u00e9rios das Cidades e dos Transportes.<\/p>\n<p>\u201cEssa reuni\u00e3o \u00e9 de extrema import\u00e2ncia, pois podemos compartilhar nossas experi\u00eancias, ouvir os outros pa\u00edses em desenvolvimento, compreender em que est\u00e1gio de maturidade est\u00e3o, quais dificuldades enfrentam e as solu\u00e7\u00f5es encontradas para implementar pol\u00edticas p\u00fablicas. Com isso, conseguimos aperfei\u00e7oar a implementa\u00e7\u00e3o dos nossos projetos, programas e produtos\u201d, afirmou o secret\u00e1rio-executivo adjunto do Minist\u00e9rio de Portos e Aeroportos, F\u00e1bio Lavor.<\/p>\n<p>A iniciativa do grupo de coopera\u00e7\u00e3o pol\u00edtica e econ\u00f4mica fortalece a capacidade de resposta dos pa\u00edses emergentes frente a desafios log\u00edsticos e clim\u00e1ticos, buscando solu\u00e7\u00f5es conjuntas para emerg\u00eancias e melhorias na infraestrutura global.<\/p>\n<p>O diretor de Programa da Secretaria-Executiva do Minist\u00e9rio de Portos e Aeroportos, Tetsu Koike, destacou que a log\u00edstica n\u00e3o se resume apenas ao transporte, mas tem como base a informa\u00e7\u00e3o \u2014 desde sua gera\u00e7\u00e3o at\u00e9 seu uso \u2014 para agregar valor aos servi\u00e7os prestados em cada pa\u00eds. \u201cA troca de informa\u00e7\u00f5es, especialmente por meio de sistemas informatizados, pode ser o ponto de partida para a harmoniza\u00e7\u00e3o e integra\u00e7\u00e3o log\u00edstica entre os membros.\u201d<\/p>\n<p><strong>Workshop<\/strong><\/p>\n<p>Ao longo das discuss\u00f5es, foram apresentadas propostas que incluem a troca de informa\u00e7\u00f5es, a resolu\u00e7\u00e3o de quest\u00f5es relacionadas ao transporte, a integra\u00e7\u00e3o intermodal e multimodal com uma abordagem conjunta, o fortalecimento do ambiente de neg\u00f3cios, a identifica\u00e7\u00e3o de oportunidades, o aperfei\u00e7oamento da cadeia de suprimentos e a aplica\u00e7\u00e3o de tecnologias voltadas \u00e0 log\u00edstica.<\/p>\n<p>Durante a sess\u00e3o, os pa\u00edses-membros compartilharam experi\u00eancias e estudos sobre transporte inclusivo, destacando projetos inovadores de integra\u00e7\u00e3o intermodal e multimodal.<\/p>\n<p>Koike tamb\u00e9m destacou a experi\u00eancia brasileira com a Janela \u00danica Portu\u00e1ria, sistema implantado h\u00e1 14 anos, que re\u00fane dados detalhados sobre a estadia de navios nos portos, como informa\u00e7\u00f5es sobre embarca\u00e7\u00f5es, operadores, cargas, tripula\u00e7\u00e3o e passageiros. \u201cCom base nesse modelo, ser\u00e1 poss\u00edvel desenvolver mecanismos de compartilhamento antecipado de dados com os pa\u00edses parceiros, permitindo melhor previs\u00e3o e planejamento log\u00edstico\u201d, explicou.<\/p>\n<p>Outro ponto de grande relev\u00e2ncia discutido pelos delegados foi o reconhecimento da import\u00e2ncia dos combust\u00edveis sustent\u00e1veis de avia\u00e7\u00e3o como caminho para a redu\u00e7\u00e3o das emiss\u00f5es de carbono no meio ambiente.<\/p>\n<p><strong>Pr\u00f3ximos passos<\/strong><\/p>\n<p>O presidente da reuni\u00e3o, M\u00e1rcio Gabardo, coordenador de projetos na Assessoria Internacional do Minist\u00e9rio de Portos e Aeroportos, destacou que a proposta apresentada foi bem recebida pelos pa\u00edses participantes, com necessidade de apenas pequenas adequa\u00e7\u00f5es. No encontro desta ter\u00e7a-feira, foi constru\u00edda uma declara\u00e7\u00e3o conjunta que abrange, entre outros temas, a descarboniza\u00e7\u00e3o de portos e do transporte mar\u00edtimo, o transporte a\u00e9reo e a coopera\u00e7\u00e3o log\u00edstica.<\/p>\n<p>A consolida\u00e7\u00e3o das tratativas ser\u00e1 apresentada na reuni\u00e3o ministerial que ocorrer\u00e1 amanh\u00e3 (14), no Itamaraty, com o objetivo de alavancar o futuro da mobilidade log\u00edstica internacional.<\/p>\n<p>Al\u00e9m do Brasil, participam representantes de diversos pa\u00edses do grupo. O Brics conta atualmente com 11 membros, incluindo novos integrantes como Ar\u00e1bia Saudita, Egito, Emirados \u00c1rabes Unidos, Eti\u00f3pia, Indon\u00e9sia e Ir\u00e3.<\/p>\n<p>A coopera\u00e7\u00e3o entre os pa\u00edses do Brics \u00e9 essencial para a cria\u00e7\u00e3o de novas rotas comerciais, a otimiza\u00e7\u00e3o do transporte multimodal e a amplia\u00e7\u00e3o do interc\u00e2mbio tecnol\u00f3gico e econ\u00f4mico.<\/p>\n<p>Fonte: Informativo dos Portos<\/p>\n","protected":false},"excerpt":{"rendered":"<p>O Minist\u00e9rio de Portos e Aeroportos (MPor) segue como ator-chave no setor de infraestrutura global, presidindo e participando tecnicamente da 3\u00aa Reuni\u00e3o do Grupo de&#8230;<\/p>\n","protected":false},"author":1527,"featured_media":58972,"comment_status":"closed","ping_status":"closed","sticky":false,"template":"","format":"standard","meta":{"footnotes":""},"categories":[6],"tags":[],"class_list":["post-58970","post","type-post","status-publish","format-standard","has-post-thumbnail","hentry","category-noticias"],"_links":{"self":[{"href":"https:\/\/www.sincomam.org.br\/index.php\/wp-json\/wp\/v2\/posts\/58970","targetHints":{"allow":["GET"]}}],"collection":[{"href":"https:\/\/www.sincomam.org.br\/index.php\/wp-json\/wp\/v2\/posts"}],"about":[{"href":"https:\/\/www.sincomam.org.br\/index.php\/wp-json\/wp\/v2\/types\/post"}],"author":[{"embeddable":true,"href":"https:\/\/www.sincomam.org.br\/index.php\/wp-json\/wp\/v2\/users\/1527"}],"replies":[{"embeddable":true,"href":"https:\/\/www.sincomam.org.br\/index.php\/wp-json\/wp\/v2\/comments?post=58970"}],"version-history":[{"count":1,"href":"https:\/\/www.sincomam.org.br\/index.php\/wp-json\/wp\/v2\/posts\/58970\/revisions"}],"predecessor-version":[{"id":58973,"href":"https:\/\/www.sincomam.org.br\/index.php\/wp-json\/wp\/v2\/posts\/58970\/revisions\/58973"}],"wp:featuredmedia":[{"embeddable":true,"href":"https:\/\/www.sincomam.org.br\/index.php\/wp-json\/wp\/v2\/media\/58972"}],"wp:attachment":[{"href":"https:\/\/www.sincomam.org.br\/index.php\/wp-json\/wp\/v2\/media?parent=58970"}],"wp:term":[{"taxonomy":"category","embeddable":true,"href":"https:\/\/www.sincomam.org.br\/index.php\/wp-json\/wp\/v2\/categories?post=58970"},{"taxonomy":"post_tag","embeddable":true,"href":"https:\/\/www.sincomam.org.br\/index.php\/wp-json\/wp\/v2\/tags?post=58970"}],"curies":[{"name":"wp","href":"https:\/\/api.w.org\/{rel}","templated":true}]}}