{"id":58954,"date":"2025-05-13T12:54:12","date_gmt":"2025-05-13T15:54:12","guid":{"rendered":"https:\/\/www.sincomam.org.br\/?p=58954"},"modified":"2025-05-13T12:54:12","modified_gmt":"2025-05-13T15:54:12","slug":"marinha-mercante-abre-novo-concurso-com-374-vagas-para-2026","status":"publish","type":"post","link":"https:\/\/www.sincomam.org.br\/index.php\/marinha-mercante-abre-novo-concurso-com-374-vagas-para-2026\/","title":{"rendered":"Marinha Mercante abre novo concurso, com 374 vagas para 2026"},"content":{"rendered":"<div class=\"mc-column content-text active-extra-styles active-capital-letter\" data-block-type=\"unstyled\" data-block-weight=\"65\" data-block-id=\"2\">\n<p class=\" content-text__container theme-color-primary-first-letter\" data-track-category=\"Link no Texto\" data-track-links=\"\" data-mrf-recirculation=\"Article links\">Foi divulgado o edital do novo concurso da Marinha Mercante, que visa a admiss\u00e3o nas Escolas de Forma\u00e7\u00e3o de Oficiais (Efomm) com ingresso previsto para o ano de 2026. A sele\u00e7\u00e3o ir\u00e1 preencher 374 vagas, sendo 210 no Centro de Instru\u00e7\u00e3o Almirante Gra\u00e7a Aranha (Ciaga), localizado no Rio de Janeiro (RJ), e 164 no Centro de Instru\u00e7\u00e3o Almirante Braz de Aguiar (Ciaba), em Bel\u00e9m (PA).<\/p>\n<div class=\"cropped-block\">\n<div class=\"mc-column content-text active-extra-styles \" data-block-type=\"unstyled\" data-block-weight=\"51\" data-block-id=\"4\">\n<p class=\" content-text__container \" data-track-category=\"Link no Texto\" data-track-links=\"\" data-mrf-recirculation=\"Article links\">O concurso \u00e9 aberto a candidatos de ambos os sexos que tenham conclu\u00eddo o ensino m\u00e9dio e que estejam na faixa et\u00e1ria de 17 a 23 anos (com base no dia 1\u00ba de janeiro de 2026). Al\u00e9m disso, \u00e9 imprescind\u00edvel que o candidato seja solteiro e n\u00e3o tenha filhos ou dependentes.<\/p>\n<\/div>\n<\/div>\n<div class=\"cropped-block\">\n<div class=\"mc-column content-text active-extra-styles \" data-block-type=\"unstyled\" data-block-weight=\"41\" data-block-id=\"5\">\n<p class=\" content-text__container \" data-track-category=\"Link no Texto\" data-track-links=\"\" data-mrf-recirculation=\"Article links\">As inscri\u00e7\u00f5es ser\u00e3o realizadas exclusivamente pela internet, no site oficial da Marinha, entre os dias 20 de maio (a partir das 12h) e 2 de junho (at\u00e9 \u00e0s 23h59, hor\u00e1rio de Bras\u00edlia). A taxa de inscri\u00e7\u00e3o foi fixada em R$ 100.<\/p>\n<\/div>\n<\/div>\n<div class=\"cropped-block\">\n<div class=\"mc-column content-text active-extra-styles \" data-block-type=\"unstyled\" data-block-weight=\"56\" data-block-id=\"6\">\n<p class=\" content-text__container \" data-track-category=\"Link no Texto\" data-track-links=\"\" data-mrf-recirculation=\"Article links\">A primeira fase do concurso ocorrer\u00e1 nos dias 2 e 3 de agosto e consistir\u00e1 em provas escritas objetivas sobre as disciplinas de portugu\u00eas, ingl\u00eas, matem\u00e1tica, f\u00edsica, al\u00e9m de uma reda\u00e7\u00e3o. As provas ser\u00e3o aplicadas em 20 cidades do Brasil, incluindo, entre outras, Bel\u00e9m (PA), Bras\u00edlia (DF), Fortaleza (CE), Manaus (AM) e Rio de Janeiro (RJ).<\/p>\n<\/div>\n<\/div>\n<div class=\"cropped-block\">\n<div class=\"mc-column content-text active-extra-styles \" data-block-type=\"unstyled\" data-block-weight=\"49\" data-block-id=\"7\">\n<p class=\" content-text__container \" data-track-category=\"Link no Texto\" data-track-links=\"\" data-mrf-recirculation=\"Article links\">Outras etapas do certame incluem: exame psicof\u00edsico, que ser\u00e1 realizado entre 30 de setembro e 7 de novembro; teste de aptid\u00e3o f\u00edsica, programado para ocorrer entre 24 de novembro e 5 de dezembro; e um per\u00edodo de adapta\u00e7\u00e3o e verifica\u00e7\u00e3o documental, entre 12 e 30 de janeiro de 2026.<\/p>\n<\/div>\n<\/div>\n<div class=\"cropped-block\">\n<div class=\"mc-column content-text active-extra-styles \" data-block-type=\"unstyled\" data-block-weight=\"90\" data-block-id=\"8\">\n<p class=\" content-text__container \" data-track-category=\"Link no Texto\" data-track-links=\"\" data-mrf-recirculation=\"Article links\">Os candidatos aprovados iniciar\u00e3o os cursos no dia 2 de fevereiro de 2026. A matr\u00edcula poder\u00e1 ser feita em uma das duas \u00e1reas de forma\u00e7\u00e3o: N\u00e1utica (focada em opera\u00e7\u00f5es de conv\u00e9s, navega\u00e7\u00e3o e comunica\u00e7\u00e3o) ou M\u00e1quinas (que abrange a opera\u00e7\u00e3o e manuten\u00e7\u00e3o dos sistemas e equipamentos de um navio). Durante o curso, que tem dura\u00e7\u00e3o de seis semestres letivos e ocorre em regime de internato, os alunos recebem uniforme, alimenta\u00e7\u00e3o, alojamento e acesso a servi\u00e7os m\u00e9dicos, odontol\u00f3gicos, psicol\u00f3gicos e sociais, al\u00e9m de uma remunera\u00e7\u00e3o mensal no valor de R$ 1.644,92.<\/p>\n<\/div>\n<\/div>\n<div class=\"cropped-block\" data-track-category=\"multicontent\" data-track-action=\"ultimo chunk conteudo\" data-track-noninteraction=\"false\" data-track-scroll=\"view\">\n<div class=\"mc-column content-text active-extra-styles \" data-block-type=\"unstyled\" data-block-weight=\"48\" data-block-id=\"10\">\n<p class=\" content-text__container \" data-track-category=\"Link no Texto\" data-track-links=\"\" data-mrf-recirculation=\"Article links\">Ap\u00f3s a conclus\u00e3o da forma\u00e7\u00e3o, os alunos realizar\u00e3o um est\u00e1gio obrigat\u00f3rio de 12 meses a bordo de embarca\u00e7\u00f5es mercantes. Ao fim do curso, ser\u00e3o diplomados como bachar\u00e9is em Ci\u00eancias N\u00e1uticas e passar\u00e3o a integrar o Quadro de Oficiais da Reserva da Marinha do Brasil, no posto de segundo-tenente.<\/p>\n<p data-track-category=\"Link no Texto\" data-track-links=\"\" data-mrf-recirculation=\"Article links\">Fonte: Extra<\/p>\n<\/div>\n<\/div>\n<\/div>\n","protected":false},"excerpt":{"rendered":"<p>Foi divulgado o edital do novo concurso da Marinha Mercante, que visa a admiss\u00e3o nas Escolas de Forma\u00e7\u00e3o de Oficiais (Efomm) com ingresso previsto para&#8230;<\/p>\n","protected":false},"author":1527,"featured_media":58956,"comment_status":"closed","ping_status":"closed","sticky":false,"template":"","format":"standard","meta":{"footnotes":""},"categories":[6],"tags":[],"class_list":["post-58954","post","type-post","status-publish","format-standard","has-post-thumbnail","hentry","category-noticias"],"_links":{"self":[{"href":"https:\/\/www.sincomam.org.br\/index.php\/wp-json\/wp\/v2\/posts\/58954","targetHints":{"allow":["GET"]}}],"collection":[{"href":"https:\/\/www.sincomam.org.br\/index.php\/wp-json\/wp\/v2\/posts"}],"about":[{"href":"https:\/\/www.sincomam.org.br\/index.php\/wp-json\/wp\/v2\/types\/post"}],"author":[{"embeddable":true,"href":"https:\/\/www.sincomam.org.br\/index.php\/wp-json\/wp\/v2\/users\/1527"}],"replies":[{"embeddable":true,"href":"https:\/\/www.sincomam.org.br\/index.php\/wp-json\/wp\/v2\/comments?post=58954"}],"version-history":[{"count":1,"href":"https:\/\/www.sincomam.org.br\/index.php\/wp-json\/wp\/v2\/posts\/58954\/revisions"}],"predecessor-version":[{"id":58957,"href":"https:\/\/www.sincomam.org.br\/index.php\/wp-json\/wp\/v2\/posts\/58954\/revisions\/58957"}],"wp:featuredmedia":[{"embeddable":true,"href":"https:\/\/www.sincomam.org.br\/index.php\/wp-json\/wp\/v2\/media\/58956"}],"wp:attachment":[{"href":"https:\/\/www.sincomam.org.br\/index.php\/wp-json\/wp\/v2\/media?parent=58954"}],"wp:term":[{"taxonomy":"category","embeddable":true,"href":"https:\/\/www.sincomam.org.br\/index.php\/wp-json\/wp\/v2\/categories?post=58954"},{"taxonomy":"post_tag","embeddable":true,"href":"https:\/\/www.sincomam.org.br\/index.php\/wp-json\/wp\/v2\/tags?post=58954"}],"curies":[{"name":"wp","href":"https:\/\/api.w.org\/{rel}","templated":true}]}}