{"id":58938,"date":"2025-05-13T08:37:11","date_gmt":"2025-05-13T11:37:11","guid":{"rendered":"https:\/\/www.sincomam.org.br\/?p=58938"},"modified":"2025-05-13T08:37:11","modified_gmt":"2025-05-13T11:37:11","slug":"banco-da-amazonia-projeta-r-25-bilhoes-em-credito-para-logistica-e-industria-naval-ate-2025","status":"publish","type":"post","link":"https:\/\/www.sincomam.org.br\/index.php\/banco-da-amazonia-projeta-r-25-bilhoes-em-credito-para-logistica-e-industria-naval-ate-2025\/","title":{"rendered":"Banco da Amaz\u00f4nia projeta R$ 25 bilh\u00f5es em cr\u00e9dito para log\u00edstica e ind\u00fastria naval at\u00e9 2025"},"content":{"rendered":"<p class=\"\" data-start=\"0\" data-end=\"106\">O gerente executivo de pessoa jur\u00eddica do Banco da Amaz\u00f4nia (Basa), Luiz Louren\u00e7o, apresentou, durante a\u00a0<strong>NN Log\u00edstica 2025<\/strong>, na \u00faltima semana,\u00a0um ambicioso plano de financiamento para a regi\u00e3o Norte, com proje\u00e7\u00e3o de aplicar at\u00e9 R$ 25 bilh\u00f5es em cr\u00e9dito at\u00e9 o fim de 2025. O foco s\u00e3o os setores de log\u00edstica, transporte e ind\u00fastria naval fluvial \u2014 considerados estrat\u00e9gicos para o desenvolvimento sustent\u00e1vel da Amaz\u00f4nia. Segundo Louren\u00e7o, o banco opera atualmente com recursos do FNO, BNDES, FDA e institui\u00e7\u00f5es internacionais como o Banco Mundial e a AFD, com linhas que incluem capital de giro, investimentos e financiamento para moderniza\u00e7\u00e3o e transi\u00e7\u00e3o energ\u00e9tica.<\/p>\n<p class=\"\" data-start=\"0\" data-end=\"106\">Durante a palestra, na \u00faltima quarta-feira (7), Louren\u00e7o ressaltou que o Banco da Amaz\u00f4nia responde por cerca de 64% do financiamento de neg\u00f3cios na regi\u00e3o, incluindo ind\u00fastrias navais, estaleiros e projetos log\u00edsticos. Ele destacou o papel crucial do agroneg\u00f3cio, que impulsiona a demanda por embarca\u00e7\u00f5es, terminais fluviais e infraestrutura de escoamento. A nova estrutura organizacional do banco, baseada em segmenta\u00e7\u00e3o geogr\u00e1fica e de perfis de clientes, permitir\u00e1 maior agilidade na libera\u00e7\u00e3o de cr\u00e9dito, com esteiras espec\u00edficas para pequenas, m\u00e9dias e grandes empresas.<\/p>\n<p class=\"\" data-start=\"0\" data-end=\"106\">O gerente destacou que, com taxas atrativas \u2014 variando de 3,26% a 9,24% ao ano \u2014 e prazos adaptados \u00e0 realidade produtiva da Amaz\u00f4nia, como opera\u00e7\u00f5es casadas com o calend\u00e1rio de safra, o banco promete apoiar tanto investimentos estruturantes quanto capital de giro. Al\u00e9m disso, Louren\u00e7o anunciou que o banco j\u00e1 assinou compromissos de financiamento e termos com estaleiros e fornecedores de equipamentos para constru\u00e7\u00e3o e moderniza\u00e7\u00e3o de embarca\u00e7\u00f5es, muitos deles com foco em energias renov\u00e1veis e motores de baixo impacto ambiental.<\/p>\n<p class=\"\" data-start=\"0\" data-end=\"106\">Outra novidade destacada foi a aproxima\u00e7\u00e3o com organismos internacionais: o banco j\u00e1 assinou contratos com a Ag\u00eancia Francesa de Desenvolvimento (AFD) e est\u00e1 em fase avan\u00e7ada de tratativas com o Banco Mundial e o BID. Esses recursos refor\u00e7ar\u00e3o a capacidade de fomento do banco, principalmente para projetos com vi\u00e9s sustent\u00e1vel, alinhados \u00e0 nova ind\u00fastria brasileira e \u00e0 agenda clim\u00e1tica global, incluindo os desdobramentos da COP30 na Amaz\u00f4nia.<\/p>\n<p class=\"\" data-start=\"0\" data-end=\"106\">Louren\u00e7o tamb\u00e9m explicou o fluxo de cr\u00e9dito da institui\u00e7\u00e3o, que pode levar de 45 a 180 dias entre a an\u00e1lise do cadastro e a libera\u00e7\u00e3o dos recursos, dependendo da complexidade do projeto. Empresas com projetos acima de R$ 20 milh\u00f5es devem iniciar com carta-consulta, podendo inclusive acessar empr\u00e9stimos-pontes enquanto a proposta principal \u00e9 avaliada. A apresenta\u00e7\u00e3o terminou com um apelo \u00e0 parceria entre governos, empresas e institui\u00e7\u00f5es financeiras para garantir a execu\u00e7\u00e3o de projetos estruturantes que levem desenvolvimento econ\u00f4mico e social \u00e0 regi\u00e3o Amaz\u00f4nica.<\/p>\n<p data-start=\"0\" data-end=\"106\">Fonte: Portos e Navios<\/p>\n","protected":false},"excerpt":{"rendered":"<p>O gerente executivo de pessoa jur\u00eddica do Banco da Amaz\u00f4nia (Basa), Luiz Louren\u00e7o, apresentou, durante a\u00a0NN Log\u00edstica 2025, na \u00faltima semana,\u00a0um ambicioso plano de financiamento&#8230;<\/p>\n","protected":false},"author":1527,"featured_media":58940,"comment_status":"closed","ping_status":"closed","sticky":false,"template":"","format":"standard","meta":{"footnotes":""},"categories":[6],"tags":[],"class_list":["post-58938","post","type-post","status-publish","format-standard","has-post-thumbnail","hentry","category-noticias"],"_links":{"self":[{"href":"https:\/\/www.sincomam.org.br\/index.php\/wp-json\/wp\/v2\/posts\/58938","targetHints":{"allow":["GET"]}}],"collection":[{"href":"https:\/\/www.sincomam.org.br\/index.php\/wp-json\/wp\/v2\/posts"}],"about":[{"href":"https:\/\/www.sincomam.org.br\/index.php\/wp-json\/wp\/v2\/types\/post"}],"author":[{"embeddable":true,"href":"https:\/\/www.sincomam.org.br\/index.php\/wp-json\/wp\/v2\/users\/1527"}],"replies":[{"embeddable":true,"href":"https:\/\/www.sincomam.org.br\/index.php\/wp-json\/wp\/v2\/comments?post=58938"}],"version-history":[{"count":1,"href":"https:\/\/www.sincomam.org.br\/index.php\/wp-json\/wp\/v2\/posts\/58938\/revisions"}],"predecessor-version":[{"id":58941,"href":"https:\/\/www.sincomam.org.br\/index.php\/wp-json\/wp\/v2\/posts\/58938\/revisions\/58941"}],"wp:featuredmedia":[{"embeddable":true,"href":"https:\/\/www.sincomam.org.br\/index.php\/wp-json\/wp\/v2\/media\/58940"}],"wp:attachment":[{"href":"https:\/\/www.sincomam.org.br\/index.php\/wp-json\/wp\/v2\/media?parent=58938"}],"wp:term":[{"taxonomy":"category","embeddable":true,"href":"https:\/\/www.sincomam.org.br\/index.php\/wp-json\/wp\/v2\/categories?post=58938"},{"taxonomy":"post_tag","embeddable":true,"href":"https:\/\/www.sincomam.org.br\/index.php\/wp-json\/wp\/v2\/tags?post=58938"}],"curies":[{"name":"wp","href":"https:\/\/api.w.org\/{rel}","templated":true}]}}