{"id":58926,"date":"2025-05-12T13:18:50","date_gmt":"2025-05-12T16:18:50","guid":{"rendered":"https:\/\/www.sincomam.org.br\/?p=58926"},"modified":"2025-05-12T13:18:50","modified_gmt":"2025-05-12T16:18:50","slug":"imposto-de-renda-2025-o-que-acontece-se-eu-nao-declarar","status":"publish","type":"post","link":"https:\/\/www.sincomam.org.br\/index.php\/imposto-de-renda-2025-o-que-acontece-se-eu-nao-declarar\/","title":{"rendered":"Imposto de Renda 2025: o que acontece se eu n\u00e3o declarar?"},"content":{"rendered":"<div id=\"chunk-9hk53\">\n<div class=\"mc-column content-text active-extra-styles active-capital-letter\" data-block-type=\"unstyled\" data-block-weight=\"49\" data-block-id=\"2\">\n<p class=\" content-text__container theme-color-primary-first-letter\" data-track-category=\"Link no Texto\" data-track-links=\"\" data-mrf-recirculation=\"Mat\u00e9ria - Links no Texto\">Multa, nome sujo, CPF irregular e, dependendo do caso, at\u00e9 pris\u00e3o. A lista de consequ\u00eancias para o contribuinte que n\u00e3o prestar contas \u00e0\u00a0Receita Federal\u00a0\u00e9 grande e pode trazer dores de cabe\u00e7a para aqueles que optarem por atrasar a entrega ou n\u00e3o enviarem a declara\u00e7\u00e3o do IR 2025.<\/p>\n<\/div>\n<\/div>\n<div class=\"wall protected-content\">\n<div id=\"chunk-88ffu\">\n<div class=\"mc-column content-text active-extra-styles \" data-block-type=\"unstyled\" data-block-weight=\"16\" data-block-id=\"4\">\n<div id=\"chunk-91kin\">\n<div class=\"mc-column content-text active-extra-styles\" data-block-type=\"raw\" data-block-weight=\"3\" data-block-id=\"10\">\n<div class=\"content-intertitle\">\n<h2>Multa por atraso<\/h2>\n<\/div>\n<p>Segundo informa\u00e7\u00f5es do Fisco, no caso de apresenta\u00e7\u00e3o da declara\u00e7\u00e3o <span class=\"highlight highlighted\">ap\u00f3s o prazo previsto ou da n\u00e3o apresenta\u00e7\u00e3o do documento<\/span>, o contribuinte que \u00e9 obrigado a declarar fica sujeito ao pagamento de multa por atraso, calculada da seguinte forma:<\/p>\n<\/div>\n<\/div>\n<div id=\"chunk-9i7hk\">\n<div class=\"mc-column content-text active-extra-styles\" data-block-type=\"raw\" data-block-weight=\"44\" data-block-id=\"12\">\n<ul class=\"content-unordered-list\">\n<li>Multa de 1% ao m\u00eas ou fra\u00e7\u00e3o de atraso, calculado sobre o valor do imposto devido na declara\u00e7\u00e3o, ainda que integralmente pago,\u00a0at\u00e9 um teto de 20%;<\/li>\n<li>Multa m\u00ednima de R$ 165,74\u00a0(apenas para quem estava &#8220;obrigado a declarar&#8221;,\u00a0mesmo sem imposto a pagar)<\/li>\n<\/ul>\n<p>Aqueles que n\u00e3o s\u00e3o obrigados a entregar a declara\u00e7\u00e3o de ajuste anual n\u00e3o est\u00e3o sujeitos \u00e0 cobran\u00e7a dessa multa.\u00a0S\u00e3o eles:<\/p>\n<\/div>\n<\/div>\n<div id=\"chunk-bfoh5\">\n<div class=\"mc-column content-text active-extra-styles\" data-block-type=\"raw\" data-block-weight=\"36\" data-block-id=\"14\">\n<ul class=\"content-unordered-list\">\n<li>Aposentados e assalariados que receberam abaixo de R$ 33.888,00 em 2024;<\/li>\n<li>Pessoas que t\u00eam doen\u00e7as consideradas graves (nesses casos, \u00e9 necess\u00e1rio apresentar laudo m\u00e9dico para solicitar a isen\u00e7\u00e3o);<\/li>\n<li>Pessoas com rendimentos de aposentadoria, pens\u00e3o ou reforma.<\/li>\n<\/ul>\n<p>O atraso come\u00e7a a ser contado pela Receita Federal\u00a0a partir do\u00a0<span class=\"highlight highlighted\">primeiro dia ap\u00f3s o fim do prazo de entrega.<\/span><\/p>\n<\/div>\n<\/div>\n<div id=\"chunk-7tqa6\">\n<div class=\"mc-column content-text active-extra-styles \" data-block-type=\"unstyled\" data-block-weight=\"37\" data-block-id=\"16\">\n<p class=\" content-text__container \" data-track-category=\"Link no Texto\" data-track-links=\"\" data-mrf-recirculation=\"Mat\u00e9ria - Links no Texto\">De acordo com o Fisco, aqueles que n\u00e3o fizerem a declara\u00e7\u00e3o e n\u00e3o pagarem a multa dentro do prazo de vencimento, tamb\u00e9m poder\u00e3o ter a dedu\u00e7\u00e3o desse valor nas restitui\u00e7\u00f5es futuras, com os respectivos acr\u00e9scimos legais.<\/p>\n<div id=\"chunk-b12ug\">\n<div class=\"mc-column content-text active-extra-styles \" data-block-type=\"unstyled\" data-block-weight=\"26\" data-block-id=\"18\">\n<p class=\" content-text__container \" data-track-category=\"Link no Texto\" data-track-links=\"\" data-mrf-recirculation=\"Mat\u00e9ria - Links no Texto\">Para alertar os esquecidos, a\u00a0Receita Federal costuma enviar notifica\u00e7\u00f5es para cobrar os contribuintes das corre\u00e7\u00f5es necess\u00e1rias e do pagamento de multa pela aus\u00eancia do envio.<\/p>\n<\/div>\n<\/div>\n<div id=\"chunk-3hm8b\">\n<div class=\"mc-column content-text active-extra-styles\" data-block-type=\"raw\" data-block-weight=\"5\" data-block-id=\"19\">\n<div class=\"content-intertitle\">\n<h2>Nome sujo e CPF irregular<\/h2>\n<\/div>\n<p>Quando o contribuinte n\u00e3o presta contas \u00e0 Receita, ele tamb\u00e9m tem o nome incluso no Cadastro Informativo de Cr\u00e9ditos n\u00e3o Quitados do Setor P\u00fablico Federal (Cadin) \u2014 um banco de dados onde est\u00e3o registrados os nomes de pessoas que est\u00e3o em d\u00e9bito para com \u00f3rg\u00e3os e entidades federais. <a class=\"\" href=\"https:\/\/www.gov.br\/pt-br\/servicos\/consultar-inclusao-no-cadin-sisbacen-pela-receita-federal\" target=\"_blank\" rel=\"noopener\" data-mrf-link=\"https:\/\/www.gov.br\/pt-br\/servicos\/consultar-inclusao-no-cadin-sisbacen-pela-receita-federal\"><strong><span class=\"highlight highlighted\">Voc\u00ea pode conferir se possui pend\u00eancias aqui<\/span><\/strong><\/a><strong><span class=\"highlight highlighted\">.<\/span><\/strong><\/p>\n<\/div>\n<\/div>\n<div id=\"chunk-8ub19\">\n<div class=\"mc-column content-text active-extra-styles \" data-block-type=\"unstyled\" data-block-weight=\"37\" data-block-id=\"21\">\n<p class=\" content-text__container \" data-track-category=\"Link no Texto\" data-track-links=\"\" data-mrf-recirculation=\"Mat\u00e9ria - Links no Texto\">Al\u00e9m de ter o nome inclu\u00eddo no cadastro de inadimplentes da Receita, o contribuinte ainda corre o risco de\u00a0<span class=\"highlight highlighted\">ter o CPF apontado como irregular<\/span>\u00a0pelo \u00f3rg\u00e3o. Em alguns casos, o Fisco tamb\u00e9m pode bloquear CPFs.<\/p>\n<\/div>\n<\/div>\n<div id=\"chunk-asaqj\">\n<div class=\"mc-column content-text active-extra-styles \" data-block-type=\"unstyled\" data-block-weight=\"40\" data-block-id=\"22\">\n<p class=\" content-text__container \" data-track-category=\"Link no Texto\" data-track-links=\"\" data-mrf-recirculation=\"Mat\u00e9ria - Links no Texto\">Se a Receita entende que o contribuinte atende os crit\u00e9rios de obrigatoriedade e identifica que n\u00e3o houve a entrega da declara\u00e7\u00e3o dentro do prazo, ela registra que o documento ainda est\u00e1 pendente e isso gera uma restri\u00e7\u00e3o no CPF.<\/p>\n<\/div>\n<\/div>\n<div id=\"chunk-dalq2\">\n<div class=\"mc-column content-text active-extra-styles \" data-block-type=\"unstyled\" data-block-weight=\"8\" data-block-id=\"23\">\n<p class=\" content-text__container \" data-track-category=\"Link no Texto\" data-track-links=\"\" data-mrf-recirculation=\"Mat\u00e9ria - Links no Texto\"><strong>Pessoas com o CPF irregular s\u00e3o impedidas de:<\/strong><\/p>\n<\/div>\n<\/div>\n<div id=\"chunk-dijke\">\n<div class=\"mc-column content-text active-extra-styles\" data-block-type=\"raw\" data-block-weight=\"21\" data-block-id=\"24\">\n<ul class=\"content-unordered-list\">\n<li>Abrir ou movimentar contas banc\u00e1rias;<\/li>\n<li>Tirar passaporte;<\/li>\n<li>Pedir empr\u00e9stimos;<\/li>\n<li>Participar de concursos p\u00fablicos;<\/li>\n<li>Receber aposentadoria;<\/li>\n<li>Comprar ou vender im\u00f3veis, entre outros.<\/li>\n<\/ul>\n<p><strong>Pris\u00e3o<\/strong><\/p>\n<\/div>\n<\/div>\n<div id=\"chunk-12p8e\">\n<div class=\"mc-column content-text active-extra-styles\" data-block-type=\"raw\" data-block-weight=\"1\" data-block-id=\"25\">\n<p>A pris\u00e3o \u00e9 um recurso utilizado pela Receita Federal\u00a0em casos mais extremos. Quando n\u00e3o h\u00e1 a entrega da declara\u00e7\u00e3o de Imposto de Renda nem o pagamento da multa de atraso, o contribuinte entra no radar do Fisco, que passa a fazer uma an\u00e1lise mais rigorosa de suas movimenta\u00e7\u00f5es financeiras.<\/p>\n<\/div>\n<\/div>\n<div id=\"chunk-ea1mp\">\n<div class=\"content-ads content-ads--reveal\" data-block-type=\"ads\" data-block-id=\"27\">A situa\u00e7\u00e3o de avan\u00e7ar para a pris\u00e3o como puni\u00e7\u00e3o viria apenas se a Receita concluir que o contribuinte est\u00e1 atentando deliberadamente contra a legisla\u00e7\u00e3o.<\/div>\n<\/div>\n<div id=\"chunk-875ms\">\n<div class=\"mc-column content-text active-extra-styles \" data-block-type=\"unstyled\" data-block-weight=\"39\" data-block-id=\"29\">\n<p class=\" content-text__container \" data-track-category=\"Link no Texto\" data-track-links=\"\" data-mrf-recirculation=\"Mat\u00e9ria - Links no Texto\">Seria o caso, por exemplo, de o Fisco concluir que houve\u00a0<span class=\"highlight highlighted\">sonega\u00e7\u00e3o fiscal.<\/span>\u00a0A pena para este crime \u00e9 de deten\u00e7\u00e3o de seis meses a dois anos e multa de duas a cinco vezes o valor do tributo.<\/p>\n<\/div>\n<\/div>\n<div id=\"chunk-14bup\">\n<div class=\"mc-column content-text active-extra-styles\" data-block-type=\"raw\" data-block-weight=\"11\" data-block-id=\"30\">\n<p class=\"content-text__container\" data-mrf-recirculation=\"Mat\u00e9ria - Links no Texto\">\n<div class=\"content-intertitle\">\n<h2>Quem \u00e9 obrigado a declarar o Imposto de Renda em 2025<\/h2>\n<\/div>\n<\/div>\n<\/div>\n<div id=\"chunk-9cu1\">\n<div class=\"mc-column content-text active-extra-styles\" data-block-type=\"raw\" data-block-weight=\"267\" data-block-id=\"31\">\n<ul class=\"content-unordered-list\">\n<li>quem recebeu\u00a0<strong><span class=\"highlight highlighted\">rendimentos tribut\u00e1veis acima de R$ 33.888,00 em 2024.<\/span><\/strong>\u00a0O valor \u00e9 um pouco maior do que o da declara\u00e7\u00e3o do IR do ano passado (R$ 30.639,90) por conta da amplia\u00e7\u00e3o da faixa de isen\u00e7\u00e3o;<\/li>\n<li>contribuintes que receberam rendimentos isentos, n\u00e3o-tribut\u00e1veis ou tributados exclusivamente na fonte,\u00a0<strong><span class=\"highlight highlighted\">cuja soma tenha sido superior a R$ 200 mil no ano passado;<\/span><\/strong><\/li>\n<li>quem obteve, em qualquer m\u00eas de 2024,\u00a0<strong>ganho de capital\u00a0<\/strong>na aliena\u00e7\u00e3o de bens ou direitos, sujeito \u00e0 incid\u00eancia do imposto, ou realizou opera\u00e7\u00f5es em bolsas de valores, de mercadorias, de futuros e assemelhadas\u00a0<strong><span class=\"highlight highlighted\">cuja soma foi superior a R$ 40 mil<\/span><\/strong>, ou com apura\u00e7\u00e3o de ganhos l\u00edquidos sujeitas \u00e0 incid\u00eancia do imposto;<\/li>\n<li>quem teve\u00a0<strong><span class=\"highlight highlighted\">isen\u00e7\u00e3o de imposto sobre o ganho de capital na venda de im\u00f3veis residenciais<\/span><\/strong>, seguido de aquisi\u00e7\u00e3o de outro im\u00f3vel residencial no prazo de 180 dias;<\/li>\n<li>quem teve, em 2024,\u00a0<strong><span class=\"highlight highlighted\">receita bruta em valor superior a R$ 169.440,00 em atividade rural;<\/span><\/strong><\/li>\n<li>quem tinha, at\u00e9 31 de dezembro de 2024, a posse ou a propriedade de bens ou direitos, inclusive terra nua,\u00a0<strong><span class=\"highlight highlighted\">de valor total superior a R$ 800 mil;<\/span><\/strong><\/li>\n<li>quem passou para a condi\u00e7\u00e3o de\u00a0<strong>residente no Brasil\u00a0<\/strong>em qualquer m\u00eas e se encontrava nessa condi\u00e7\u00e3o at\u00e9 31 de dezembro de 2024;<\/li>\n<li>quem optou por declarar os bens, direitos e obriga\u00e7\u00f5es detidos pela entidade controlada, direta ou indireta,\u00a0<strong>no exterior\u00a0<\/strong>como se fossem detidos diretamente pela pessoa f\u00edsica;<\/li>\n<li>possui\u00a0<strong>trust no exterior<\/strong>;<\/li>\n<li>quem atualizou bens im\u00f3veis pagando\u00a0<strong>ganho de capital diferenciado\u00a0<\/strong>em dezembro\/2024 (Lei n\u00ba 14.973\/2024);<\/li>\n<li>quem auferiu\u00a0<strong>rendimentos no exterior\u00a0<\/strong>de aplica\u00e7\u00f5es financeiras e de lucros e dividendos;<\/li>\n<li>deseja atualizar\u00a0<strong>bens no exterior.<\/strong><\/li>\n<\/ul>\n<p>Fonte: G1<\/p>\n<\/div>\n<\/div>\n<\/div>\n<\/div>\n<\/div>\n<\/div>\n<\/div>\n","protected":false},"excerpt":{"rendered":"<p>Multa, nome sujo, CPF irregular e, dependendo do caso, at\u00e9 pris\u00e3o. A lista de consequ\u00eancias para o contribuinte que n\u00e3o prestar contas \u00e0\u00a0Receita Federal\u00a0\u00e9 grande&#8230;<\/p>\n","protected":false},"author":1527,"featured_media":58733,"comment_status":"closed","ping_status":"closed","sticky":false,"template":"","format":"standard","meta":{"footnotes":""},"categories":[6],"tags":[],"class_list":["post-58926","post","type-post","status-publish","format-standard","has-post-thumbnail","hentry","category-noticias"],"_links":{"self":[{"href":"https:\/\/www.sincomam.org.br\/index.php\/wp-json\/wp\/v2\/posts\/58926","targetHints":{"allow":["GET"]}}],"collection":[{"href":"https:\/\/www.sincomam.org.br\/index.php\/wp-json\/wp\/v2\/posts"}],"about":[{"href":"https:\/\/www.sincomam.org.br\/index.php\/wp-json\/wp\/v2\/types\/post"}],"author":[{"embeddable":true,"href":"https:\/\/www.sincomam.org.br\/index.php\/wp-json\/wp\/v2\/users\/1527"}],"replies":[{"embeddable":true,"href":"https:\/\/www.sincomam.org.br\/index.php\/wp-json\/wp\/v2\/comments?post=58926"}],"version-history":[{"count":1,"href":"https:\/\/www.sincomam.org.br\/index.php\/wp-json\/wp\/v2\/posts\/58926\/revisions"}],"predecessor-version":[{"id":58928,"href":"https:\/\/www.sincomam.org.br\/index.php\/wp-json\/wp\/v2\/posts\/58926\/revisions\/58928"}],"wp:featuredmedia":[{"embeddable":true,"href":"https:\/\/www.sincomam.org.br\/index.php\/wp-json\/wp\/v2\/media\/58733"}],"wp:attachment":[{"href":"https:\/\/www.sincomam.org.br\/index.php\/wp-json\/wp\/v2\/media?parent=58926"}],"wp:term":[{"taxonomy":"category","embeddable":true,"href":"https:\/\/www.sincomam.org.br\/index.php\/wp-json\/wp\/v2\/categories?post=58926"},{"taxonomy":"post_tag","embeddable":true,"href":"https:\/\/www.sincomam.org.br\/index.php\/wp-json\/wp\/v2\/tags?post=58926"}],"curies":[{"name":"wp","href":"https:\/\/api.w.org\/{rel}","templated":true}]}}