{"id":58902,"date":"2025-05-12T11:36:13","date_gmt":"2025-05-12T14:36:13","guid":{"rendered":"https:\/\/www.sincomam.org.br\/?p=58902"},"modified":"2025-05-12T11:36:13","modified_gmt":"2025-05-12T14:36:13","slug":"dragagem-de-manutencao-nos-portos-paranaenses-conta-com-embarcacoes-de-ultima-geracao","status":"publish","type":"post","link":"https:\/\/www.sincomam.org.br\/index.php\/dragagem-de-manutencao-nos-portos-paranaenses-conta-com-embarcacoes-de-ultima-geracao\/","title":{"rendered":"Dragagem de manuten\u00e7\u00e3o nos portos paranaenses conta com embarca\u00e7\u00f5es de \u00faltima gera\u00e7\u00e3o"},"content":{"rendered":"<p>A Portos do Paran\u00e1 iniciou a campanha de dragagem de manuten\u00e7\u00e3o de 2025 com a atua\u00e7\u00e3o das dragas\u00a0<em>Galileo Galilei<\/em>\u00a0e\u00a0<em>Vox Alexia<\/em>\u00a0nos canais de acesso aos portos de Paranagu\u00e1 e Antonina. O objetivo \u00e9 manter os atuais par\u00e2metros de profundidade e assegurar a efici\u00eancia e seguran\u00e7a das opera\u00e7\u00f5es portu\u00e1rias.<\/p>\n<p>A draga\u00a0<em>Galileo Galilei<\/em>, em opera\u00e7\u00e3o desde 24 de abril, atua inicialmente no canal de acesso ao Porto Ponta do F\u00e9lix, com previs\u00e3o de manuten\u00e7\u00e3o da profundidade em 9,5 metros, antes de seguir para a bacia de evolu\u00e7\u00e3o da \u00e1rea. J\u00e1 a Vox Alexia iniciou os trabalhos em 2 de maio na entrada do canal de acesso ao Porto de Paranagu\u00e1, pr\u00f3ximo \u00e0 Ilha da Galheta, com dragagem prevista para 16,5 metros. Em seguida, a embarca\u00e7\u00e3o ser\u00e1 deslocada para os setores Bravo 1 e Bravo 2, com profundidades de 15,5 metros e 14,5 metros, respectivamente.<\/p>\n<p>As dragas s\u00e3o modernas e altamente eficientes: a Galileo Galilei, da empresa belga Jan de Nul, foi constru\u00edda em 2020, tem 166,55 metros e opera sob bandeira de Luxemburgo; j\u00e1 a\u00a0<em>Vox Alexia<\/em>, da holandesa Van Oord, foi constru\u00edda em 2021, mede 137,5 metros e est\u00e1 registrada nos Pa\u00edses Baixos. Ambas atuam sob o contrato do Cons\u00f3rcio Itibere Dragagem.<\/p>\n<p>Segundo Lucas Gon\u00e7alves, coordenador de Batimetria e Dragagem da Portos do Paran\u00e1, a campanha, prevista para ser conclu\u00edda at\u00e9 julho, \u00e9 essencial para conter o assoreamento e garantir a movimenta\u00e7\u00e3o plena das embarca\u00e7\u00f5es com seguran\u00e7a, mantendo a fluidez das opera\u00e7\u00f5es sem imprevistos.<\/p>\n<div class=\"addtoany_container\">Fonte: Portos e Navios<\/div>\n","protected":false},"excerpt":{"rendered":"<p>A Portos do Paran\u00e1 iniciou a campanha de dragagem de manuten\u00e7\u00e3o de 2025 com a atua\u00e7\u00e3o das dragas\u00a0Galileo Galilei\u00a0e\u00a0Vox Alexia\u00a0nos canais de acesso aos portos&#8230;<\/p>\n","protected":false},"author":1527,"featured_media":58904,"comment_status":"closed","ping_status":"closed","sticky":false,"template":"","format":"standard","meta":{"footnotes":""},"categories":[6],"tags":[],"class_list":["post-58902","post","type-post","status-publish","format-standard","has-post-thumbnail","hentry","category-noticias"],"_links":{"self":[{"href":"https:\/\/www.sincomam.org.br\/index.php\/wp-json\/wp\/v2\/posts\/58902","targetHints":{"allow":["GET"]}}],"collection":[{"href":"https:\/\/www.sincomam.org.br\/index.php\/wp-json\/wp\/v2\/posts"}],"about":[{"href":"https:\/\/www.sincomam.org.br\/index.php\/wp-json\/wp\/v2\/types\/post"}],"author":[{"embeddable":true,"href":"https:\/\/www.sincomam.org.br\/index.php\/wp-json\/wp\/v2\/users\/1527"}],"replies":[{"embeddable":true,"href":"https:\/\/www.sincomam.org.br\/index.php\/wp-json\/wp\/v2\/comments?post=58902"}],"version-history":[{"count":1,"href":"https:\/\/www.sincomam.org.br\/index.php\/wp-json\/wp\/v2\/posts\/58902\/revisions"}],"predecessor-version":[{"id":58905,"href":"https:\/\/www.sincomam.org.br\/index.php\/wp-json\/wp\/v2\/posts\/58902\/revisions\/58905"}],"wp:featuredmedia":[{"embeddable":true,"href":"https:\/\/www.sincomam.org.br\/index.php\/wp-json\/wp\/v2\/media\/58904"}],"wp:attachment":[{"href":"https:\/\/www.sincomam.org.br\/index.php\/wp-json\/wp\/v2\/media?parent=58902"}],"wp:term":[{"taxonomy":"category","embeddable":true,"href":"https:\/\/www.sincomam.org.br\/index.php\/wp-json\/wp\/v2\/categories?post=58902"},{"taxonomy":"post_tag","embeddable":true,"href":"https:\/\/www.sincomam.org.br\/index.php\/wp-json\/wp\/v2\/tags?post=58902"}],"curies":[{"name":"wp","href":"https:\/\/api.w.org\/{rel}","templated":true}]}}