{"id":58890,"date":"2025-05-09T12:49:26","date_gmt":"2025-05-09T15:49:26","guid":{"rendered":"https:\/\/www.sincomam.org.br\/?p=58890"},"modified":"2025-05-09T12:49:26","modified_gmt":"2025-05-09T15:49:26","slug":"porto-de-santos-assina-acordo-de-cooperacao-em-praticas-sustentaveis-com-porto-belga","status":"publish","type":"post","link":"https:\/\/www.sincomam.org.br\/index.php\/porto-de-santos-assina-acordo-de-cooperacao-em-praticas-sustentaveis-com-porto-belga\/","title":{"rendered":"Porto de Santos assina acordo de coopera\u00e7\u00e3o em pr\u00e1ticas sustent\u00e1veis com porto belga"},"content":{"rendered":"<p class=\"\" data-start=\"0\" data-end=\"92\">A Autoridade Portu\u00e1ria de Santos (APS) assinou, na manh\u00e3 de ter\u00e7a-feira (6), um memorando de entendimento com o North Sea Port, da B\u00e9lgica, voltado \u00e0 coopera\u00e7\u00e3o em pr\u00e1ticas sustent\u00e1veis no setor portu\u00e1rio. O acordo tem validade de cinco anos e abrange iniciativas como o desenvolvimento de portos verdes, uso de energias renov\u00e1veis \u2014 solar, e\u00f3lica e hidrog\u00eanio \u2014, captura de carbono e monitoramento ambiental.<\/p>\n<p class=\"\" data-start=\"668\" data-end=\"989\">O objetivo \u00e9 estabelecer uma rede internacional de parcerias voltadas \u00e0 cria\u00e7\u00e3o de corredores mar\u00edtimos sustent\u00e1veis, em conson\u00e2ncia com as metas globais de redu\u00e7\u00e3o de emiss\u00f5es de carbono. A troca de conhecimentos, tecnologias e estrat\u00e9gias entre os dois portos ser\u00e1 voltada \u00e0 efici\u00eancia energ\u00e9tica e \u00e0 economia circular.<\/p>\n<p class=\"\" data-start=\"991\" data-end=\"1340\">\u201cO Porto de Santos \u00e9 o maior e mais movimentado do Brasil, e tem buscado, continuamente, incorporar pr\u00e1ticas sustent\u00e1veis e tecnologias inovadoras. Queremos ser um exemplo de como grandes portos podem liderar essa transi\u00e7\u00e3o, conectando-se ao esfor\u00e7o global de descarboniza\u00e7\u00e3o e energias renov\u00e1veis\u201d, afirmou Beto Mendes, diretor de Opera\u00e7\u00f5es da APS.<\/p>\n<p class=\"\" data-start=\"1342\" data-end=\"1575\">Segundo Anderson Pomini, presidente da APS, \u201co Porto de Santos, com esta assinatura, se compromete a atuar por um futuro melhor e mais verde no transporte mar\u00edtimo mundial, que \u00e9 respons\u00e1vel por 90% das trocas comerciais do planeta\u201d.<\/p>\n<p class=\"\" data-start=\"1577\" data-end=\"1923\">A assinatura do memorando coincidiu com a passagem pelo porto do navio\u00a0<em data-start=\"1648\" data-end=\"1666\">Atlantic Orchard<\/em>, embarca\u00e7\u00e3o equipada com a tecnologia eSAIL \u2014 velas automatizadas de 26 metros de altura que contribuem para a redu\u00e7\u00e3o do consumo de combust\u00edveis f\u00f3sseis. O navio, dedicado ao transporte de suco, partir\u00e1 de Santos rumo aos Estados Unidos nos pr\u00f3ximos dias.<\/p>\n<p class=\"\" data-start=\"1925\" data-end=\"2260\">Al\u00e9m dessa parceria internacional, o Porto de Santos j\u00e1 adota medidas sustent\u00e1veis, como o uso da energia el\u00e9trica gerada pela usina hidrel\u00e9trica de Itatinga, em Bertioga, e o fornecimento de energia el\u00e9trica a rebocadores atracados desde 2024, reduzindo a necessidade de combust\u00edveis f\u00f3sseis durante o per\u00edodo de perman\u00eancia no porto.<\/p>\n<p data-start=\"1925\" data-end=\"2260\">Fonte: Portos e Navios<\/p>\n","protected":false},"excerpt":{"rendered":"<p>A Autoridade Portu\u00e1ria de Santos (APS) assinou, na manh\u00e3 de ter\u00e7a-feira (6), um memorando de entendimento com o North Sea Port, da B\u00e9lgica, voltado \u00e0&#8230;<\/p>\n","protected":false},"author":1527,"featured_media":58892,"comment_status":"closed","ping_status":"closed","sticky":false,"template":"","format":"standard","meta":{"footnotes":""},"categories":[6],"tags":[],"class_list":["post-58890","post","type-post","status-publish","format-standard","has-post-thumbnail","hentry","category-noticias"],"_links":{"self":[{"href":"https:\/\/www.sincomam.org.br\/index.php\/wp-json\/wp\/v2\/posts\/58890","targetHints":{"allow":["GET"]}}],"collection":[{"href":"https:\/\/www.sincomam.org.br\/index.php\/wp-json\/wp\/v2\/posts"}],"about":[{"href":"https:\/\/www.sincomam.org.br\/index.php\/wp-json\/wp\/v2\/types\/post"}],"author":[{"embeddable":true,"href":"https:\/\/www.sincomam.org.br\/index.php\/wp-json\/wp\/v2\/users\/1527"}],"replies":[{"embeddable":true,"href":"https:\/\/www.sincomam.org.br\/index.php\/wp-json\/wp\/v2\/comments?post=58890"}],"version-history":[{"count":1,"href":"https:\/\/www.sincomam.org.br\/index.php\/wp-json\/wp\/v2\/posts\/58890\/revisions"}],"predecessor-version":[{"id":58893,"href":"https:\/\/www.sincomam.org.br\/index.php\/wp-json\/wp\/v2\/posts\/58890\/revisions\/58893"}],"wp:featuredmedia":[{"embeddable":true,"href":"https:\/\/www.sincomam.org.br\/index.php\/wp-json\/wp\/v2\/media\/58892"}],"wp:attachment":[{"href":"https:\/\/www.sincomam.org.br\/index.php\/wp-json\/wp\/v2\/media?parent=58890"}],"wp:term":[{"taxonomy":"category","embeddable":true,"href":"https:\/\/www.sincomam.org.br\/index.php\/wp-json\/wp\/v2\/categories?post=58890"},{"taxonomy":"post_tag","embeddable":true,"href":"https:\/\/www.sincomam.org.br\/index.php\/wp-json\/wp\/v2\/tags?post=58890"}],"curies":[{"name":"wp","href":"https:\/\/api.w.org\/{rel}","templated":true}]}}