{"id":58876,"date":"2025-05-09T11:27:26","date_gmt":"2025-05-09T14:27:26","guid":{"rendered":"https:\/\/www.sincomam.org.br\/?p=58876"},"modified":"2025-05-09T11:40:10","modified_gmt":"2025-05-09T14:40:10","slug":"ministerio-de-portos-e-aeroportos-firma-parceria-com-a-onu-para-descarbonizar-frota-e-portos-brasileiros","status":"publish","type":"post","link":"https:\/\/www.sincomam.org.br\/index.php\/ministerio-de-portos-e-aeroportos-firma-parceria-com-a-onu-para-descarbonizar-frota-e-portos-brasileiros\/","title":{"rendered":"Minist\u00e9rio de Portos e Aeroportos firma parceria com a ONU para descarbonizar frota e portos brasileiros"},"content":{"rendered":"<div class=\"content\">\n<p>O ministro Silvio Costa Filho, de Portos e Aeroportos, assinou, nesta quarta-feira (7), um memorando de entendimento com o Pacto Global, iniciativa da Organiza\u00e7\u00e3o das Na\u00e7\u00f5es Unidas (ONU) para engajar o setor privado no cumprimento dos Objetivos do Desenvolvimento Sustent\u00e1vel (ODS). O acordo tem como objetivo colaborar em a\u00e7\u00f5es e projetos de descarboniza\u00e7\u00e3o da frota mar\u00edtima, da navega\u00e7\u00e3o interior e dos portos nacionais. O diretor executivo da organiza\u00e7\u00e3o, Guilherme Guedes Xavier, assinou o documento ao lado do ministro.<\/p>\n<p>Com a assinatura, o Governo Federal, por meio do MPor se compromete a colaborar e participar do Grupo de Trabalho Neg\u00f3cios Oce\u00e2nicos (GTNO) e a produzir e compartilhar conhecimento de forma colaborativa e sistematizada para ajudar na agenda de descarboniza\u00e7\u00e3o do setor, al\u00e9m de assumir a responsabilidade de contribuir para o alcance dos Objetivos de Desenvolvimento Sustent\u00e1vel (ODS), da ONU, em especial as metas apresentadas para mudan\u00e7a global do clima e de vida na \u00e1gua, ODS 13 e 14, respectivamente.<\/p>\n<p>Para Costa Filho, a assinatura do memorando fortalece a agenda de sustentabilidade do setor portu\u00e1rio e a relev\u00e2ncia do Brasil no cen\u00e1rio internacional. \u201cH\u00e1 um grande volume de investimentos no setor portu\u00e1rio, que gera melhoria da qualidade de vida, emprego e renda. \u00c9 fundamental que os recursos aplicados levem em conta o desenvolvimento sustent\u00e1vel, especialmente em rela\u00e7\u00e3o \u00e0 descarboniza\u00e7\u00e3o dos nossos navios e \u00e0 utiliza\u00e7\u00e3o de energia limpa. \u00c9 isso que imaginamos para o futuro dos portos brasileiros\u201d, ressaltou.<\/p>\n<p><strong>Uni\u00e3o de for\u00e7as<\/strong><\/p>\n<p>O diretor executivo do Pacto Global no Brasil, Guilherme Guedes Xavier, declarou que a parceria \u00e9 uma oportunidade de unir for\u00e7as com o Governo Federal na busca por solu\u00e7\u00f5es para o enfrentamento da crise clim\u00e1tica. \u201cO Pacto \u00e9 uma iniciativa global focada na descarboniza\u00e7\u00e3o do setor mar\u00edtimo e o Brasil tem muita oportunidade e muitas solu\u00e7\u00f5es para oferecer ao mundo\u201d.<\/p>\n<p>O Minist\u00e9rio de Portos e Aeroportos (MPor) j\u00e1 realiza a\u00e7\u00f5es de sensibiliza\u00e7\u00e3o da iniciativa privada para o desenvolvimento sustent\u00e1vel. No in\u00edcio do ano, a pasta lan\u00e7ou sua Pol\u00edtica de Sustentabilidade, que inclui o Pacto pela Sustentabilidade. A iniciativa vai considerar empresas que atuam para reduzir o impacto ambiental de suas opera\u00e7\u00f5es. &#8220;\u00c9 muito importante trazer o setor privado para essa pauta, porque a maior parte dos nossos ativos est\u00e3o concedidos. \u00c9 fundamental engaj\u00e1-los para que tenham diretrizes de descarboniza\u00e7\u00e3o e de adapta\u00e7\u00e3o clim\u00e1tica&#8221;, defendeu a secret\u00e1ria executiva da pasta, Mariana Pescatori.<\/p>\n<p>As premia\u00e7\u00f5es do Pacto pela Sustentabilidade ocorreram em novembro, durante a COP 30, Confer\u00eancia do Clima da ONU, que acontece pela primeira vez no Brasil, em Bel\u00e9m do Par\u00e1.<\/p>\n<p><strong>Pacto Global<\/strong><\/p>\n<p>O Pacto Global \u00e9 uma chamada para as empresas de todo o mundo alinharem suas opera\u00e7\u00f5es e estrat\u00e9gias aos Dez Princ\u00edpios universais nas \u00e1reas de Direitos Humanos, Trabalho, Meio Ambiente e Anticorrup\u00e7\u00e3o. Hoje \u00e9 uma das maiores iniciativas de sustentabilidade corporativa do mundo, com mais de 25 mil participantes, entre empresas e organiza\u00e7\u00f5es, distribu\u00eddas em mais de 67 redes locais, com abrang\u00eancia em todos os continentes.<\/p>\n<p>Fonte:\u00a0Ag\u00eancia Porto<\/p>\n<\/div>\n","protected":false},"excerpt":{"rendered":"<p>O ministro Silvio Costa Filho, de Portos e Aeroportos, assinou, nesta quarta-feira (7), um memorando de entendimento com o Pacto Global, iniciativa da Organiza\u00e7\u00e3o das&#8230;<\/p>\n","protected":false},"author":1527,"featured_media":58886,"comment_status":"closed","ping_status":"closed","sticky":false,"template":"","format":"standard","meta":{"footnotes":""},"categories":[6],"tags":[],"class_list":["post-58876","post","type-post","status-publish","format-standard","has-post-thumbnail","hentry","category-noticias"],"_links":{"self":[{"href":"https:\/\/www.sincomam.org.br\/index.php\/wp-json\/wp\/v2\/posts\/58876","targetHints":{"allow":["GET"]}}],"collection":[{"href":"https:\/\/www.sincomam.org.br\/index.php\/wp-json\/wp\/v2\/posts"}],"about":[{"href":"https:\/\/www.sincomam.org.br\/index.php\/wp-json\/wp\/v2\/types\/post"}],"author":[{"embeddable":true,"href":"https:\/\/www.sincomam.org.br\/index.php\/wp-json\/wp\/v2\/users\/1527"}],"replies":[{"embeddable":true,"href":"https:\/\/www.sincomam.org.br\/index.php\/wp-json\/wp\/v2\/comments?post=58876"}],"version-history":[{"count":2,"href":"https:\/\/www.sincomam.org.br\/index.php\/wp-json\/wp\/v2\/posts\/58876\/revisions"}],"predecessor-version":[{"id":58887,"href":"https:\/\/www.sincomam.org.br\/index.php\/wp-json\/wp\/v2\/posts\/58876\/revisions\/58887"}],"wp:featuredmedia":[{"embeddable":true,"href":"https:\/\/www.sincomam.org.br\/index.php\/wp-json\/wp\/v2\/media\/58886"}],"wp:attachment":[{"href":"https:\/\/www.sincomam.org.br\/index.php\/wp-json\/wp\/v2\/media?parent=58876"}],"wp:term":[{"taxonomy":"category","embeddable":true,"href":"https:\/\/www.sincomam.org.br\/index.php\/wp-json\/wp\/v2\/categories?post=58876"},{"taxonomy":"post_tag","embeddable":true,"href":"https:\/\/www.sincomam.org.br\/index.php\/wp-json\/wp\/v2\/tags?post=58876"}],"curies":[{"name":"wp","href":"https:\/\/api.w.org\/{rel}","templated":true}]}}