{"id":58860,"date":"2025-05-08T11:43:20","date_gmt":"2025-05-08T14:43:20","guid":{"rendered":"https:\/\/www.sincomam.org.br\/?p=58860"},"modified":"2025-05-08T11:43:20","modified_gmt":"2025-05-08T14:43:20","slug":"itajai-conquista-nova-licenca-ambiental-com-foco-em-crescimento-sustentavel-e-inovacao-operacional","status":"publish","type":"post","link":"https:\/\/www.sincomam.org.br\/index.php\/itajai-conquista-nova-licenca-ambiental-com-foco-em-crescimento-sustentavel-e-inovacao-operacional\/","title":{"rendered":"Itaja\u00ed conquista nova licen\u00e7a ambiental com foco em crescimento sustent\u00e1vel e inova\u00e7\u00e3o operacional"},"content":{"rendered":"<p>O Instituto do Meio Ambiente de Santa Catarina (IMA) concedeu ao Porto de Itaja\u00ed uma nova Licen\u00e7a Ambiental de Opera\u00e7\u00e3o (<a href=\"https:\/\/www.portodesantos.com.br\/wp-content\/uploads\/Licenca-Ambiental-de-Operacao-No-1386.2025.pdf\">LAO N\u00b0 1386\/2025<\/a>), v\u00e1lida por 48 meses. \u00c9 um marco na gest\u00e3o da Autoridade Portu\u00e1ria de Santos (APS) do complexo catarinense.<\/p>\n<p>A licen\u00e7a substitui a permiss\u00e3o anterior, que vence neste m\u00eas. Mas, como explica Sidnei Aranha, superintendente de Meio Ambiente da APS, trata-se de uma licen\u00e7a inteiramente nova, e n\u00e3o de uma simples renova\u00e7\u00e3o.<\/p>\n<p>\u201cA nova licen\u00e7a alinha-se \u00e0s proje\u00e7\u00f5es de expans\u00e3o da APS, que assumiu o porto em janeiro, e combina efici\u00eancia log\u00edstica com rigor ambiental\u201d, avalia Aranha.<\/p>\n<p>\u201cAs autoridades de Santa Catarina reconheceram o trabalho s\u00e9rio realizado pela APS e abra\u00e7aram nossos programas ambientais, com destaque para a parceria com a Univali\u201d, completa o superintendente.<\/p>\n<p>O presidente da APS, Anderson Pomini, saudou o trabalho coletivo das equipes de Santos e Itaja\u00ed, bem como a aten\u00e7\u00e3o do Instituto de Meio Ambiente de Santa Catarina.<\/p>\n<p>\u201cEm apenas quatro meses, conseguimos realizar todo o processo necess\u00e1rio para conquistar a licen\u00e7a, j\u00e1 em uma perspectiva de crescimento e de quebra de recorde de movimenta\u00e7\u00e3o de cargas, marca registrada da Companhia\u201d, afirma Pomini.<\/p>\n<p><b>Compromisso com a sustentabilidade<\/b><\/p>\n<p>A licen\u00e7a incorpora 16 programas ambientais detalhados, incluindo o monitoramento cont\u00ednuo da qualidade das \u00e1guas do Rio Itaja\u00ed-A\u00e7u, com 288 amostras anuais, e an\u00e1lises trimestrais de sedimentos para metais como chumbo e merc\u00fario.<\/p>\n<p>A dragagem de manuten\u00e7\u00e3o, essencial para a navegabilidade, utilizar\u00e1 Pol\u00edgonos de Disposi\u00e7\u00e3o Oce\u00e2nica (PDOs) com capacidade para 31,4 milh\u00f5es de m\u00b3 de sedimentos, suficientes para uma d\u00e9cada de opera\u00e7\u00e3o.<\/p>\n<p>Medidas como barreiras de conten\u00e7\u00e3o para gran\u00e9is l\u00edquidos, controle de poeira durante o transporte de cargas s\u00f3lidas e o uso de drones para monitorar a dispers\u00e3o de sedimentos destacam o car\u00e1ter inovador do plano.<\/p>\n<p>O Porto tamb\u00e9m ampliou seu Plano de Emerg\u00eancia Individual (PEI), garantindo resposta imediata a incidentes ambientais. Al\u00e9m disso, programas de educa\u00e7\u00e3o ambiental mensais visam engajar comunidades locais, pescadores e colaboradores em pr\u00e1ticas sustent\u00e1veis.<\/p>\n<p><strong>Resultados<\/strong><\/p>\n<p>Desde a chegada da APS, o Porto de Itaja\u00ed registrou um salto de 125% no faturamento nos 100 primeiros dias, alcan\u00e7ando R$ 50 milh\u00f5es no per\u00edodo. Jo\u00e3o Paulo Tavares Neto, superintendente do Porto, refor\u00e7a tamb\u00e9m o impacto direto na arrecada\u00e7\u00e3o do ISS para o munic\u00edpio, que totalizou R$ 900 mil no primeiro trimestre.<\/p>\n<p>\u201cHoje o Porto de Itaja\u00ed est\u00e1 forte e \u2018bombando\u2019 com navios de carga chegando a todo momento. Al\u00e9m disso, tivemos a melhor temporada de cruzeiros da hist\u00f3ria. Isso significa melhora na economia da cidade\u201d, analisa.<\/p>\n<p>Fonte: Informativo dos Portos<\/p>\n","protected":false},"excerpt":{"rendered":"<p>O Instituto do Meio Ambiente de Santa Catarina (IMA) concedeu ao Porto de Itaja\u00ed uma nova Licen\u00e7a Ambiental de Opera\u00e7\u00e3o (LAO N\u00b0 1386\/2025), v\u00e1lida por&#8230;<\/p>\n","protected":false},"author":1527,"featured_media":58862,"comment_status":"closed","ping_status":"closed","sticky":false,"template":"","format":"standard","meta":{"footnotes":""},"categories":[6],"tags":[],"class_list":["post-58860","post","type-post","status-publish","format-standard","has-post-thumbnail","hentry","category-noticias"],"_links":{"self":[{"href":"https:\/\/www.sincomam.org.br\/index.php\/wp-json\/wp\/v2\/posts\/58860","targetHints":{"allow":["GET"]}}],"collection":[{"href":"https:\/\/www.sincomam.org.br\/index.php\/wp-json\/wp\/v2\/posts"}],"about":[{"href":"https:\/\/www.sincomam.org.br\/index.php\/wp-json\/wp\/v2\/types\/post"}],"author":[{"embeddable":true,"href":"https:\/\/www.sincomam.org.br\/index.php\/wp-json\/wp\/v2\/users\/1527"}],"replies":[{"embeddable":true,"href":"https:\/\/www.sincomam.org.br\/index.php\/wp-json\/wp\/v2\/comments?post=58860"}],"version-history":[{"count":1,"href":"https:\/\/www.sincomam.org.br\/index.php\/wp-json\/wp\/v2\/posts\/58860\/revisions"}],"predecessor-version":[{"id":58863,"href":"https:\/\/www.sincomam.org.br\/index.php\/wp-json\/wp\/v2\/posts\/58860\/revisions\/58863"}],"wp:featuredmedia":[{"embeddable":true,"href":"https:\/\/www.sincomam.org.br\/index.php\/wp-json\/wp\/v2\/media\/58862"}],"wp:attachment":[{"href":"https:\/\/www.sincomam.org.br\/index.php\/wp-json\/wp\/v2\/media?parent=58860"}],"wp:term":[{"taxonomy":"category","embeddable":true,"href":"https:\/\/www.sincomam.org.br\/index.php\/wp-json\/wp\/v2\/categories?post=58860"},{"taxonomy":"post_tag","embeddable":true,"href":"https:\/\/www.sincomam.org.br\/index.php\/wp-json\/wp\/v2\/tags?post=58860"}],"curies":[{"name":"wp","href":"https:\/\/api.w.org\/{rel}","templated":true}]}}