{"id":58838,"date":"2025-05-07T11:38:23","date_gmt":"2025-05-07T14:38:23","guid":{"rendered":"https:\/\/www.sincomam.org.br\/?p=58838"},"modified":"2025-05-07T11:38:23","modified_gmt":"2025-05-07T14:38:23","slug":"camara-instala-comissao-sobre-isencao-do-imposto-de-renda-ate-r-5-mil","status":"publish","type":"post","link":"https:\/\/www.sincomam.org.br\/index.php\/camara-instala-comissao-sobre-isencao-do-imposto-de-renda-ate-r-5-mil\/","title":{"rendered":"C\u00e2mara instala comiss\u00e3o sobre isen\u00e7\u00e3o do Imposto de Renda at\u00e9 R$ 5 mil"},"content":{"rendered":"<p>A C\u00e2mara dos Deputados instalou a comiss\u00e3o especial que vai debater a isen\u00e7\u00e3o de Imposto de Renda (IR) para a pessoa f\u00edsica que ganha at\u00e9 R$ 5 mil e progressividade no pagamento do tributo para quem ganha at\u00e9 R$ 7 mil.<img decoding=\"async\" src=\"https:\/\/agenciabrasil.ebc.com.br\/ebc.png?id=1641679&amp;o=node\" \/><img decoding=\"async\" src=\"https:\/\/agenciabrasil.ebc.com.br\/ebc.gif?id=1641679&amp;o=node\" \/><\/p>\n<p>Como o governo federal retirou a urg\u00eancia do texto, o prazo para conclus\u00e3o dos trabalhos ser\u00e1 de 10 sess\u00f5es do plen\u00e1rio da Casa, j\u00e1 que o texto tramita em prioridade. O\u00a0prazo poder\u00e1 ser prolongado.<\/p>\n<div class=\"dnd-widget-wrapper context-medio_4colunas type-image atom-align-right\">\n<div class=\"dnd-atom-rendered\"><img decoding=\"async\" title=\"Lula Marques\/Ag\u00eancia Brasil\" src=\"https:\/\/imagens.ebc.com.br\/TQfNnO7zjHgnkoigwNOi0wzZ1_U=\/365x0\/smart\/https:\/\/agenciabrasil.ebc.com.br\/sites\/default\/files\/thumbnails\/image\/2025\/05\/06\/lula1411.jpg?itok=WkmxOv4E\" alt=\"Bras\u00edlia (DF), 06\/05\/2025  - A comiss\u00e3o especial que vai debater a isen\u00e7\u00e3o de Imposto de Renda para quem ganha at\u00e9 R$ 5 mil (PL 1.087\/25) foi instalada. Deputado Rubens Pereira J\u00fanior (PT-MA) o presidente do colegiado e o deputado Arthur Lira (PP-AL), o relator.\nFoto: Lula Marques\/Ag\u00eancia Brasil\" \/><\/div>\n<div class=\"dnd-caption-wrapper\">\n<h6 class=\"meta\">Na foto, o presidente eleito do colegiado,\u00a0Rubens Pereira J\u00fanior, e o relator Arthur Lira\u00a0&#8211;\u00a0<strong>Lula Marques\/Ag\u00eancia Brasil<\/strong><\/h6>\n<\/div>\n<\/div>\n<p>Pelo acordo de l\u00edderes, o deputado Rubens Pereira J\u00fanior (PT-MA) foi eleito presidente do colegiado, com 24 votos.\u00a0A relatoria ficou com o Arthur Lira (PP-AL), que disse ser sua inten\u00e7\u00e3o entregar o relat\u00f3rio antes do final do primeiro semestre deste ano.<\/p>\n<blockquote><p>\u201cA nossa vontade\u00a0\u00e9 entregar, ainda no primeiro semestre, o projeto enxuto, correto, se poss\u00edvel\u00a0j\u00e1 negociado ao longo do tempo com o relator no Senado\u201d, afirmou Lira.<\/p><\/blockquote>\n<p>\u201cVamos nos empenhar em sermos escravos do di\u00e1logo, da constru\u00e7\u00e3o do texto adequado para atingir o objetivo da proposi\u00e7\u00e3o do governo do presidente Lula, para fazer a progress\u00e3o da tabela de isen\u00e7\u00e3o para quem ganha at\u00e9 cinco mil, a progressividade at\u00e9 sete mil e as consequentes taxa\u00e7\u00f5es para quem recebe mais, da forma mais adequada\u201d, disse o presidente da comiss\u00e3o.<\/p>\n<p>Em troca da isen\u00e7\u00e3o, o governo pretende aumentar o IR\u00a0para quem ganha a partir de R$ 50 mil por m\u00eas (R$ 600 mil por ano) e introduzir uma al\u00edquota m\u00ednima de 10% para quem recebe R$ 100 mil mensais (R$ 1,2 milh\u00e3o por ano).\u00a0Atualmente, cerca de 141 mil pessoas que recebem a partir de R$ 50 mil por m\u00eas pagam apenas 2% de al\u00edquota efetiva do Imposto de Renda.<\/p>\n<blockquote><p>\u201cTodos n\u00f3s vamos ter que discutir\u00a0a melhor forma, a mais adequada, de compensa\u00e7\u00e3o para o governo federal, estados e munic\u00edpios, e para quem paga os impostos que mant\u00eam essa m\u00e1quina girando, para quem produz. Queremos entregar uma legisla\u00e7\u00e3o justa ao pa\u00eds e aos contribuintes, sempre com base no compromisso de n\u00e3o aumentar a carga tribut\u00e1ria, primando pela justi\u00e7a fiscal e pelo equil\u00edbrio das contas p\u00fablicas.\u201d<\/p><\/blockquote>\n<p>Lira chamou aten\u00e7\u00e3o para a necessidade de o projeto tramitar alinhado com outra medida encaminhada pelo governo, em abril, a Medida Provis\u00f3ria (MP) 1.294\/25 que aumentou de R$ 2.259,20 para R$ 2.428,80 a faixa de isen\u00e7\u00e3o do Imposto de Renda para Pessoa F\u00edsica (IPRF).<\/p>\n<p>\u00c9 necess\u00e1rio e fundamental que haja um alinhamento para que\u00a0uma n\u00e3o interfira no progresso da outra e prejudique o andamento das mesmas no Congresso Nacional\u201d, disse.<\/p>\n<p>Segundo Lira,\u00a0a primeira pessoa que ele pedir\u00e1 para ser ouvida em audi\u00eancia p\u00fablica ser\u00e1 o secret\u00e1rio de Reformas Econ\u00f4micas do Minist\u00e9rio da Fazenda, Marcos Barbosa Pinto.<\/p>\n<p>O presidente da comiss\u00e3o, Rubens Pereira Junior, informou que as reuni\u00f5es\u00a0ocorrer\u00e3o prioritariamente \u00e0s ter\u00e7as-feiras pela manh\u00e3.\u00a0Tamb\u00e9m haver\u00e1\u00a0reuni\u00f5es itinerantes nos estados. Ele ressaltou a import\u00e2ncia de que os trabalhos sejam embasados por dados t\u00e9cnicos e cient\u00edficos. \u201cN\u00e3o podemos correr o risco de imprecis\u00f5es. \u00c9 um projeto que tem um grandioso impacto social e devemos ter a transpar\u00eancia\u201d, afirmou.<\/p>\n<p>Fonte: Ag\u00eancia Brasil<\/p>\n","protected":false},"excerpt":{"rendered":"<p>A C\u00e2mara dos Deputados instalou a comiss\u00e3o especial que vai debater a isen\u00e7\u00e3o de Imposto de Renda (IR) para a pessoa f\u00edsica que ganha at\u00e9&#8230;<\/p>\n","protected":false},"author":1527,"featured_media":58840,"comment_status":"closed","ping_status":"closed","sticky":false,"template":"","format":"standard","meta":{"footnotes":""},"categories":[6],"tags":[],"class_list":["post-58838","post","type-post","status-publish","format-standard","has-post-thumbnail","hentry","category-noticias"],"_links":{"self":[{"href":"https:\/\/www.sincomam.org.br\/index.php\/wp-json\/wp\/v2\/posts\/58838","targetHints":{"allow":["GET"]}}],"collection":[{"href":"https:\/\/www.sincomam.org.br\/index.php\/wp-json\/wp\/v2\/posts"}],"about":[{"href":"https:\/\/www.sincomam.org.br\/index.php\/wp-json\/wp\/v2\/types\/post"}],"author":[{"embeddable":true,"href":"https:\/\/www.sincomam.org.br\/index.php\/wp-json\/wp\/v2\/users\/1527"}],"replies":[{"embeddable":true,"href":"https:\/\/www.sincomam.org.br\/index.php\/wp-json\/wp\/v2\/comments?post=58838"}],"version-history":[{"count":1,"href":"https:\/\/www.sincomam.org.br\/index.php\/wp-json\/wp\/v2\/posts\/58838\/revisions"}],"predecessor-version":[{"id":58841,"href":"https:\/\/www.sincomam.org.br\/index.php\/wp-json\/wp\/v2\/posts\/58838\/revisions\/58841"}],"wp:featuredmedia":[{"embeddable":true,"href":"https:\/\/www.sincomam.org.br\/index.php\/wp-json\/wp\/v2\/media\/58840"}],"wp:attachment":[{"href":"https:\/\/www.sincomam.org.br\/index.php\/wp-json\/wp\/v2\/media?parent=58838"}],"wp:term":[{"taxonomy":"category","embeddable":true,"href":"https:\/\/www.sincomam.org.br\/index.php\/wp-json\/wp\/v2\/categories?post=58838"},{"taxonomy":"post_tag","embeddable":true,"href":"https:\/\/www.sincomam.org.br\/index.php\/wp-json\/wp\/v2\/tags?post=58838"}],"curies":[{"name":"wp","href":"https:\/\/api.w.org\/{rel}","templated":true}]}}