{"id":58829,"date":"2025-05-07T11:30:59","date_gmt":"2025-05-07T14:30:59","guid":{"rendered":"https:\/\/www.sincomam.org.br\/?p=58829"},"modified":"2025-05-07T11:33:37","modified_gmt":"2025-05-07T14:33:37","slug":"58829","status":"publish","type":"post","link":"https:\/\/www.sincomam.org.br\/index.php\/58829\/","title":{"rendered":"Curso de Pol\u00edtica e Estrat\u00e9gia Mar\u00edtimas cumpre roteiro em Bras\u00edlia"},"content":{"rendered":"<p class=\"\" data-start=\"194\" data-end=\"659\">No \u00e2mbito do\u00a0Curso de Pol\u00edtica e Estrat\u00e9gia Mar\u00edtimas (C-PEM), Oficiais-Alunos da\u00a0Escola de Guerra Naval\u00a0participaram de uma intensa\u00a0Visita de Estudos a Bras\u00edlia, entre os dias 7 e 11 de abril. A atividade integrou o calend\u00e1rio do\u00a0Curso Superior de Defesa (CSD)\u00a0e proporcionou contato direto com institui\u00e7\u00f5es centrais da formula\u00e7\u00e3o de pol\u00edticas p\u00fablicas, estrat\u00e9gia militar e coopera\u00e7\u00e3o interfor\u00e7as no Brasil.<\/p>\n<h3 data-start=\"666\" data-end=\"1240\"><strong data-start=\"666\" data-end=\"722\">Integra\u00e7\u00e3o entre estruturas militares e civis no CSD<\/strong><\/h3>\n<p class=\"\" data-start=\"666\" data-end=\"1240\">A programa\u00e7\u00e3o da visita foi desenhada para expor os\u00a0Oficiais-Alunos do C-PEM\u00a0ao funcionamento integrado dos principais \u00f3rg\u00e3os respons\u00e1veis pela formula\u00e7\u00e3o de\u00a0estrat\u00e9gias de Defesa Nacional. A intera\u00e7\u00e3o com a\u00a0Subchefia de Pol\u00edtica e Estrat\u00e9gia do\u00a0Minist\u00e9rio da Defesa, com o\u00a0Estado-Maior da Armada\u00a0e com a\u00a0Secretaria de Produtos de Defesa\u00a0permitiu compreender, na pr\u00e1tica, os processos decis\u00f3rios que alinham as necessidades operacionais das For\u00e7as ao planejamento pol\u00edtico-estrat\u00e9gico do Estado.<\/p>\n<p class=\"\" data-start=\"1242\" data-end=\"1700\">Essa viv\u00eancia pr\u00e1tica integra o eixo t\u00e9cnico-formativo do\u00a0Curso Superior de Defesa, promovendo uma vis\u00e3o sist\u00eamica que abrange log\u00edstica, or\u00e7amento, assuntos internacionais, pol\u00edtica mar\u00edtima e tecnologia. O contato direto com representantes de diferentes subchefias e secretarias possibilita que os alunos compreendam a\u00a0interdepend\u00eancia entre a Defesa e os setores pol\u00edtico, industrial e diplom\u00e1tico, consolidando uma forma\u00e7\u00e3o estrat\u00e9gica integrada.<\/p>\n<h3 data-start=\"1707\" data-end=\"2197\"><strong data-start=\"1707\" data-end=\"1768\">C-PEM e a forma\u00e7\u00e3o de l\u00edderes militares para o s\u00e9culo XXI<\/strong><\/h3>\n<p class=\"\" data-start=\"1707\" data-end=\"2197\">A visita a Bras\u00edlia \u00e9 um marco na forma\u00e7\u00e3o de l\u00edderes militares com vis\u00e3o ampliada, capazes de transitar entre os dom\u00ednios da\u00a0estrat\u00e9gia militar, da\u00a0governan\u00e7a p\u00fablica\u00a0e das\u00a0rela\u00e7\u00f5es institucionais. A turma do\u00a0C-PEM\/2025, composta por oficiais superiores das tr\u00eas For\u00e7as Armadas e representantes civis, \u00e9 um reflexo da diversidade e da\u00a0interoperabilidade necess\u00e1ria para o ambiente de defesa contempor\u00e2neo.<\/p>\n<p class=\"\" data-start=\"2199\" data-end=\"2557\">Al\u00e9m das atividades t\u00e9cnicas, a visita proporcionou momentos de contato com o ambiente pol\u00edtico e jur\u00eddico nacional. As idas ao\u00a0Congresso Nacional\u00a0e ao\u00a0Supremo Tribunal Federal\u00a0refor\u00e7am a compreens\u00e3o do papel das For\u00e7as Armadas em um regime democr\u00e1tico e da import\u00e2ncia da\u00a0constru\u00e7\u00e3o de pol\u00edticas de defesa em di\u00e1logo com os poderes da Rep\u00fablica.<\/p>\n<p class=\"\" data-start=\"2559\" data-end=\"2846\">A forma\u00e7\u00e3o oferecida pelo C-PEM se torna, assim, uma experi\u00eancia completa: combina o rigor acad\u00eamico com a imers\u00e3o institucional, promovendo\u00a0oficiais com perfil cr\u00edtico, estrat\u00e9gico e diplom\u00e1tico, aptos a contribuir com o desenvolvimento da Marinha e do setor de Defesa como um todo.<\/p>\n<h3 data-start=\"2853\" data-end=\"3309\"><strong data-start=\"2853\" data-end=\"2919\">A import\u00e2ncia da visita de estudos na forma\u00e7\u00e3o conjunta do CSD<\/strong><\/h3>\n<p class=\"\" data-start=\"2853\" data-end=\"3309\">Como parte do\u00a0Curso Superior de Defesa, a visita de estudos a Bras\u00edlia \u00e9 um dos pontos altos da forma\u00e7\u00e3o conjunta oferecida pelas quatro escolas superiores militares \u2014 ESG, EGN, ECEME e ECEMAR. Essa converg\u00eancia interinstitucional fortalece o conceito de\u00a0doutrina conjunta, essencial para o emprego coordenado das For\u00e7as em opera\u00e7\u00f5es reais e no planejamento estrat\u00e9gico nacional.<\/p>\n<p class=\"\" data-start=\"3311\" data-end=\"3791\">Ao visitar \u00f3rg\u00e3os como a\u00a0Ag\u00eancia Espacial Brasileira, o\u00a0Minist\u00e9rio das Rela\u00e7\u00f5es Exteriores\u00a0e o\u00a0Centro de Opera\u00e7\u00f5es Especiais, os alunos experimentam, na pr\u00e1tica, a\u00a0complexidade do aparato estatal\u00a0e a necessidade de articula\u00e7\u00e3o entre Defesa, ci\u00eancia, diplomacia e seguran\u00e7a interna. Essa aproxima\u00e7\u00e3o refor\u00e7a a\u00a0capacidade das For\u00e7as Armadas de atuar em um ambiente multidimensional, integrando conhecimento t\u00e9cnico, sensibilidade institucional e vis\u00e3o de futuro.<\/p>\n<p class=\"\" data-start=\"3793\" data-end=\"4007\">A forma\u00e7\u00e3o conjunta promovida pelo CSD molda um perfil de lideran\u00e7a sintonizado com os desafios do s\u00e9culo XXI:\u00a0multilateral, tecnopol\u00edtico e profundamente comprometido com a soberania e os interesses nacionais.<\/p>\n<p data-start=\"3793\" data-end=\"4007\">Fonte: Defesa em Foco<\/p>\n","protected":false},"excerpt":{"rendered":"<p>No \u00e2mbito do\u00a0Curso de Pol\u00edtica e Estrat\u00e9gia Mar\u00edtimas (C-PEM), Oficiais-Alunos da\u00a0Escola de Guerra Naval\u00a0participaram de uma intensa\u00a0Visita de Estudos a Bras\u00edlia, entre os dias 7&#8230;<\/p>\n","protected":false},"author":1527,"featured_media":58831,"comment_status":"closed","ping_status":"closed","sticky":false,"template":"","format":"standard","meta":{"footnotes":""},"categories":[6],"tags":[],"class_list":["post-58829","post","type-post","status-publish","format-standard","has-post-thumbnail","hentry","category-noticias"],"_links":{"self":[{"href":"https:\/\/www.sincomam.org.br\/index.php\/wp-json\/wp\/v2\/posts\/58829","targetHints":{"allow":["GET"]}}],"collection":[{"href":"https:\/\/www.sincomam.org.br\/index.php\/wp-json\/wp\/v2\/posts"}],"about":[{"href":"https:\/\/www.sincomam.org.br\/index.php\/wp-json\/wp\/v2\/types\/post"}],"author":[{"embeddable":true,"href":"https:\/\/www.sincomam.org.br\/index.php\/wp-json\/wp\/v2\/users\/1527"}],"replies":[{"embeddable":true,"href":"https:\/\/www.sincomam.org.br\/index.php\/wp-json\/wp\/v2\/comments?post=58829"}],"version-history":[{"count":2,"href":"https:\/\/www.sincomam.org.br\/index.php\/wp-json\/wp\/v2\/posts\/58829\/revisions"}],"predecessor-version":[{"id":58833,"href":"https:\/\/www.sincomam.org.br\/index.php\/wp-json\/wp\/v2\/posts\/58829\/revisions\/58833"}],"wp:featuredmedia":[{"embeddable":true,"href":"https:\/\/www.sincomam.org.br\/index.php\/wp-json\/wp\/v2\/media\/58831"}],"wp:attachment":[{"href":"https:\/\/www.sincomam.org.br\/index.php\/wp-json\/wp\/v2\/media?parent=58829"}],"wp:term":[{"taxonomy":"category","embeddable":true,"href":"https:\/\/www.sincomam.org.br\/index.php\/wp-json\/wp\/v2\/categories?post=58829"},{"taxonomy":"post_tag","embeddable":true,"href":"https:\/\/www.sincomam.org.br\/index.php\/wp-json\/wp\/v2\/tags?post=58829"}],"curies":[{"name":"wp","href":"https:\/\/api.w.org\/{rel}","templated":true}]}}