{"id":58811,"date":"2025-05-06T09:54:54","date_gmt":"2025-05-06T12:54:54","guid":{"rendered":"https:\/\/www.sincomam.org.br\/?p=58811"},"modified":"2025-05-06T09:54:54","modified_gmt":"2025-05-06T12:54:54","slug":"brasil-sobe-5-posicoes-no-ranking-global-de-desenvolvimento-humano-aponta-relatorio-da-onu","status":"publish","type":"post","link":"https:\/\/www.sincomam.org.br\/index.php\/brasil-sobe-5-posicoes-no-ranking-global-de-desenvolvimento-humano-aponta-relatorio-da-onu\/","title":{"rendered":"Brasil sobe 5 posi\u00e7\u00f5es no ranking global de desenvolvimento humano, aponta relat\u00f3rio da ONU"},"content":{"rendered":"<div id=\"chunk-dts2s\">\n<div class=\"mc-column content-text active-extra-styles \" data-block-type=\"unstyled\" data-block-weight=\"49\" data-block-id=\"3\">\n<p class=\" content-text__container \" data-track-category=\"Link no Texto\" data-track-links=\"\" data-mrf-recirculation=\"Mat\u00e9ria - Links no Texto\">O<span class=\"highlight highlighted\">\u00a0Brasil subiu cinco posi\u00e7\u00f5es no ranking global do \u00cdndice de Desenvolvimento Humano (IDH)\u00a0<\/span>divulgado nesta ter\u00e7a-feira (6) pelo Programa das Na\u00e7\u00f5es Unidas para o Desenvolvimento (PNUD). O relat\u00f3rio, que analisa dados de 2023, mostra que\u00a0o pa\u00eds saiu da 89\u00aa para a 84\u00aa coloca\u00e7\u00e3o entre 193 na\u00e7\u00f5es avaliadas.<\/p>\n<\/div>\n<\/div>\n<div class=\"wall protected-content\">\n<div id=\"chunk-6rsl5\">\n<div class=\"mc-column content-text active-extra-styles \" data-block-type=\"unstyled\" data-block-weight=\"30\" data-block-id=\"5\">\n<p class=\" content-text__container \" data-track-category=\"Link no Texto\" data-track-links=\"\" data-mrf-recirculation=\"Mat\u00e9ria - Links no Texto\"> O IDH \u00e9 um indicador criado pela ONU que mede o progresso dos pa\u00edses com base em tr\u00eas dimens\u00f5es:\u00a0expectativa de vida, acesso \u00e0 educa\u00e7\u00e3o e renda per capita.<\/p>\n<\/div>\n<\/div>\n<div id=\"chunk-99im3\">\n<div class=\"mc-column content-text active-extra-styles \" data-block-type=\"unstyled\" data-block-weight=\"26\" data-block-id=\"6\">\n<p class=\" content-text__container \" data-track-category=\"Link no Texto\" data-track-links=\"\" data-mrf-recirculation=\"Mat\u00e9ria - Links no Texto\">\u00a0<span class=\"highlight highlighted\">A pontua\u00e7\u00e3o do Brasil subiu para 0,786<\/span>, em uma escala que vai de\u00a00 a 1. Em 2022, o pa\u00eds obteve um IDH de 0,760.<\/p>\n<div id=\"chunk-avtd0\">\n<div class=\"mc-column content-text active-extra-styles \" data-block-type=\"unstyled\" data-block-weight=\"19\" data-block-id=\"8\">\n<p class=\" content-text__container \" data-track-category=\"Link no Texto\" data-track-links=\"\" data-mrf-recirculation=\"Mat\u00e9ria - Links no Texto\"> Quanto mais pr\u00f3ximo de 1, maior o desenvolvimento humano. Um IDH entre 0,700 e 0,799 \u00e9 considerado &#8220;alto&#8221;.<\/p>\n<\/div>\n<\/div>\n<div id=\"chunk-a7aod\">\n<div class=\"mc-column content-text active-extra-styles\" data-block-type=\"raw\" data-block-weight=\"5\" data-block-id=\"9\">\n<p class=\"content-text__container\" data-mrf-recirculation=\"Mat\u00e9ria - Links no Texto\"><strong>O que melhorou no Brasil<\/strong><\/p>\n<p>Segundo o relat\u00f3rio, a melhoria do Brasil se deve principalmente ao <span class=\"highlight highlighted\">aumento da renda nacional bruta per capita e \u00e0 recupera\u00e7\u00e3o nos indicadores de sa\u00fade<\/span>, com a expectativa de vida voltando a crescer ap\u00f3s os impactos da pandemia de Covid-19.<\/p>\n<\/div>\n<\/div>\n<div id=\"chunk-16krt\">\n<div class=\"mc-column content-text active-extra-styles \" data-block-type=\"unstyled\" data-block-weight=\"12\" data-block-id=\"11\">\n<p class=\" content-text__container \" data-track-category=\"Link no Texto\" data-track-links=\"\" data-mrf-recirculation=\"Mat\u00e9ria - Links no Texto\">Apesar do avan\u00e7o, o desempenho na \u00e1rea de educa\u00e7\u00e3o continua estagnado.<\/p>\n<\/div>\n<\/div>\n<div id=\"chunk-dj8hp\">\n<div class=\"mc-column content-text active-extra-styles \" data-block-type=\"unstyled\" data-block-weight=\"35\" data-block-id=\"12\">\n<p class=\" content-text__container \" data-track-category=\"Link no Texto\" data-track-links=\"\" data-mrf-recirculation=\"Mat\u00e9ria - Links no Texto\">O tempo m\u00e9dio de estudo da popula\u00e7\u00e3o permanece abaixo da m\u00e9dia dos pa\u00edses com IDH alto, o que ajuda a explicar por que o pa\u00eds ainda n\u00e3o figura entre os mais bem colocados do mundo.<\/p>\n<div id=\"chunk-dnmjt\">\n<div class=\"mc-column content-text active-extra-styles\" data-block-type=\"raw\" data-block-weight=\"8\" data-block-id=\"16\">\n<div class=\"content-intertitle\">\n<h2>Como o Brasil est\u00e1 em rela\u00e7\u00e3o ao mundo<\/h2>\n<\/div>\n<p>O Brasil ficou acima da m\u00e9dia global de IDH, que \u00e9 de <span class=\"highlight highlighted\">0,739<\/span>, mas ainda est\u00e1 distante dos pa\u00edses com IDH muito alto \u2014 grupo liderado por na\u00e7\u00f5es como Su\u00ed\u00e7a, Noruega e Irlanda.<\/p>\n<\/div>\n<\/div>\n<div id=\"chunk-5t5p7\">\n<div class=\"mc-column content-text active-extra-styles\" data-block-type=\"raw\" data-block-weight=\"5\" data-block-id=\"18\">\n<div class=\"content-intertitle\">\n<h2>Compara\u00e7\u00e3o com a Am\u00e9rica Latina<\/h2>\n<\/div>\n<p>Na compara\u00e7\u00e3o com os pa\u00edses da Am\u00e9rica Latina e Caribe, o Brasil ocupa uma posi\u00e7\u00e3o intermedi\u00e1ria. Est\u00e1 atr\u00e1s de Chile (IDH 0,855), Argentina (0,849) e Uruguai (0,809), mas \u00e0 frente de pa\u00edses como Paraguai (0,728), Bol\u00edvia (0,693) e Venezuela (0,691).<\/p>\n<\/div>\n<\/div>\n<div id=\"chunk-4okfg\">\n<div class=\"mc-column content-text active-extra-styles\" data-block-type=\"raw\" data-block-weight=\"4\" data-block-id=\"20\">\n<p class=\"content-text__container\" data-mrf-recirculation=\"Mat\u00e9ria - Links no Texto\"><strong>Desigualdades internas ainda preocupam<\/strong><\/p>\n<p>Embora tenha melhorado no ranking, o relat\u00f3rio alerta para as desigualdades internas no Brasil. O IDH municipal, por exemplo, varia muito entre regi\u00f5es e evidencia disparidades de acesso \u00e0 sa\u00fade, educa\u00e7\u00e3o e renda dentro do pr\u00f3prio pa\u00eds.<\/p>\n<\/div>\n<\/div>\n<div id=\"chunk-b7o0u\">\n<div class=\"mc-column content-text active-extra-styles\" data-block-type=\"raw\" data-block-weight=\"6\" data-block-id=\"22\">\n<p class=\"content-text__container\" data-mrf-recirculation=\"Mat\u00e9ria - Links no Texto\"><strong>Veja os melhores colocados no ranking:<\/strong><\/p>\n<\/div>\n<\/div>\n<div id=\"chunk-ble1m\">\n<div class=\"mc-column content-text active-extra-styles\" data-block-type=\"raw\" data-block-weight=\"42\" data-block-id=\"23\">\n<ul class=\"content-unordered-list\">\n<li>1\u00ba.\u00a0<strong>Isl\u00e2ndia<\/strong>\u00a0&#8211; 0,972<\/li>\n<li>2\u00ba.\u00a0<strong>Noruega<\/strong>\u00a0&#8211; 0,970<\/li>\n<li>3\u00ba.\u00a0<strong>Su\u00ed\u00e7a\u00a0<\/strong>&#8211; 0,970<\/li>\n<li>4\u00ba.\u00a0<strong>Dinamarca\u00a0<\/strong>&#8211; 0,962<\/li>\n<li>5\u00ba.\u00a0<strong>Alemanha\u00a0<\/strong>&#8211; 0,959<\/li>\n<li>6\u00ba.\u00a0<strong>Su\u00e9cia\u00a0<\/strong>&#8211; 0,959<\/li>\n<li>7\u00ba.\u00a0<strong>Austr\u00e1lia\u00a0<\/strong>&#8211; 0,958<\/li>\n<li>8\u00ba.\u00a0<strong>Hong Kong (China)<\/strong>\u00a0&#8211; 0,955<\/li>\n<li>9\u00ba.\u00a0<strong>Holanda\u00a0<\/strong>&#8211; 0,955<\/li>\n<li>10\u00ba.\u00a0<strong>B\u00e9lgica\u00a0<\/strong>&#8211; 0,951<\/li>\n<\/ul>\n<div id=\"chunk-cpgpr\">\n<div class=\"mc-column content-text active-extra-styles\" data-block-type=\"raw\" data-block-weight=\"4\" data-block-id=\"25\">\n<div class=\"content-intertitle\">\n<h2>E os piores colocados:<\/h2>\n<\/div>\n<\/div>\n<\/div>\n<div id=\"chunk-51jv0\">\n<div class=\"mc-column content-text active-extra-styles\" data-block-type=\"raw\" data-block-weight=\"45\" data-block-id=\"26\">\n<ul class=\"content-unordered-list\">\n<li>184\u00ba.\u00a0<strong>I\u00eamen\u00a0<\/strong>&#8211; 0,470<\/li>\n<li>185\u00ba.\u00a0<strong>Serra Leoa<\/strong>\u00a0&#8211; 0,467<\/li>\n<li>186\u00ba.\u00a0<strong>Burquina Faso<\/strong>\u00a0&#8211; 0,459<\/li>\n<li>187\u00ba.\u00a0<strong>Burundi\u00a0<\/strong>&#8211; 0,439<\/li>\n<li>188\u00ba.\u00a0<strong>Mali\u00a0<\/strong>&#8211; 0,419<\/li>\n<li>188\u00ba.\u00a0<strong>N\u00edger\u00a0<\/strong>&#8211; 0,419<\/li>\n<li>190\u00ba.\u00a0<strong>Chade\u00a0<\/strong>&#8211; 0,416<\/li>\n<li>191\u00ba.\u00a0<strong>Rep\u00fablica Centro-Africana<\/strong>\u00a0&#8211; 0,414<\/li>\n<li>192\u00ba.\u00a0<strong>Som\u00e1lia\u00a0<\/strong>&#8211; 0,404<\/li>\n<li>193\u00ba.\u00a0<strong>Sud\u00e3o do Sul\u00a0<\/strong>&#8211; 0,388<\/li>\n<\/ul>\n<p>Fonte: G1<\/p>\n<\/div>\n<\/div>\n<div id=\"chunk-aklql\">\n<div class=\"bs-video-block mc-column   content-media content-video\" data-block-type=\"backstage-video\" data-block-id=\"27\">\n<div class=\"content-media__container\">\n<div class=\"content-video__bigger-player-description-fixer\">\n<article class=\"content-video\" data-ts-view=\"1746535990521\">\n<section class=\"content-video__video-container\">\n<div class=\"content-video__video\">\n<div id=\"wp3-player-1\" class=\"clappr-player clappr-detach--is-detached clappr-detach--is-detached__visible\" tabindex=\"9999\" data-player=\"\">\n<div class=\"dfp-ad-overlay dfp-ad-overlay--notransition\">\n<div><\/div>\n<\/div>\n<div class=\"media-control ad h720 w360\">\n<div class=\"media-control-panel\">\n<div class=\"media-control-panel__lower\" data-controls=\"\">\n<div class=\"opposites-container\"><\/div>\n<\/div>\n<\/div>\n<\/div>\n<\/div>\n<div class=\"clappr-detach clappr-detach--visible\">\n<div class=\"clappr-detach__placeholder-background\"><\/div>\n<\/div>\n<\/div>\n<\/section>\n<\/article>\n<\/div>\n<\/div>\n<\/div>\n<\/div>\n<\/div>\n<\/div>\n<\/div>\n<\/div>\n<\/div>\n<\/div>\n<\/div>\n","protected":false},"excerpt":{"rendered":"<p>O\u00a0Brasil subiu cinco posi\u00e7\u00f5es no ranking global do \u00cdndice de Desenvolvimento Humano (IDH)\u00a0divulgado nesta ter\u00e7a-feira (6) pelo Programa das Na\u00e7\u00f5es Unidas para o Desenvolvimento (PNUD)&#8230;.<\/p>\n","protected":false},"author":1527,"featured_media":58813,"comment_status":"closed","ping_status":"closed","sticky":false,"template":"","format":"standard","meta":{"footnotes":""},"categories":[6],"tags":[],"class_list":["post-58811","post","type-post","status-publish","format-standard","has-post-thumbnail","hentry","category-noticias"],"_links":{"self":[{"href":"https:\/\/www.sincomam.org.br\/index.php\/wp-json\/wp\/v2\/posts\/58811","targetHints":{"allow":["GET"]}}],"collection":[{"href":"https:\/\/www.sincomam.org.br\/index.php\/wp-json\/wp\/v2\/posts"}],"about":[{"href":"https:\/\/www.sincomam.org.br\/index.php\/wp-json\/wp\/v2\/types\/post"}],"author":[{"embeddable":true,"href":"https:\/\/www.sincomam.org.br\/index.php\/wp-json\/wp\/v2\/users\/1527"}],"replies":[{"embeddable":true,"href":"https:\/\/www.sincomam.org.br\/index.php\/wp-json\/wp\/v2\/comments?post=58811"}],"version-history":[{"count":1,"href":"https:\/\/www.sincomam.org.br\/index.php\/wp-json\/wp\/v2\/posts\/58811\/revisions"}],"predecessor-version":[{"id":58814,"href":"https:\/\/www.sincomam.org.br\/index.php\/wp-json\/wp\/v2\/posts\/58811\/revisions\/58814"}],"wp:featuredmedia":[{"embeddable":true,"href":"https:\/\/www.sincomam.org.br\/index.php\/wp-json\/wp\/v2\/media\/58813"}],"wp:attachment":[{"href":"https:\/\/www.sincomam.org.br\/index.php\/wp-json\/wp\/v2\/media?parent=58811"}],"wp:term":[{"taxonomy":"category","embeddable":true,"href":"https:\/\/www.sincomam.org.br\/index.php\/wp-json\/wp\/v2\/categories?post=58811"},{"taxonomy":"post_tag","embeddable":true,"href":"https:\/\/www.sincomam.org.br\/index.php\/wp-json\/wp\/v2\/tags?post=58811"}],"curies":[{"name":"wp","href":"https:\/\/api.w.org\/{rel}","templated":true}]}}