{"id":58791,"date":"2025-05-06T08:21:59","date_gmt":"2025-05-06T11:21:59","guid":{"rendered":"https:\/\/www.sincomam.org.br\/?p=58791"},"modified":"2025-05-06T08:21:59","modified_gmt":"2025-05-06T11:21:59","slug":"porto-de-cabedelo-e-inaugurado-com-investimento-recorde-de-mais-de-r-300-milhoes","status":"publish","type":"post","link":"https:\/\/www.sincomam.org.br\/index.php\/porto-de-cabedelo-e-inaugurado-com-investimento-recorde-de-mais-de-r-300-milhoes\/","title":{"rendered":"Porto de Cabedelo \u00e9 inaugurado com investimento recorde de mais de R$ 300 milh\u00f5es"},"content":{"rendered":"<p>A nova estrutura do Porto de Cabedelo, na Para\u00edba, foi inaugurada nesta segunda-feira (5), com investimentos que somam mais de R$ 300 milh\u00f5es. Localizado na cidade de Jo\u00e3o Pessoa, o porto situa-se na parte mais oriental da costa brasileira e \u00e9 uma importante porta de entrada e sa\u00edda comercial do estado. O ministro Silvio Costa Filho participou da cerim\u00f4nia de entrega e comemorou a amplia\u00e7\u00e3o do porto como \u201cum conjunto de investimentos que eleva a moderniza\u00e7\u00e3o e a efici\u00eancia do porto, trazendo novas possibilidades para o Estado\u201d. O evento tamb\u00e9m contou com a presen\u00e7a do governador Jo\u00e3o Azev\u00eado e do presidente da C\u00e2mara dos Deputados, Hugo Motta.<\/p>\n<p>Do total investido, mais de R$ 200 milh\u00f5es foram destinados \u00e0 requalifica\u00e7\u00e3o do molhe e \u00e0 dragagem do porto, que aprofundou o canal para 11 metros, tornando o terminal apto a receber embarca\u00e7\u00f5es de at\u00e9 55 mil toneladas \u2014 o que permitir\u00e1 a movimenta\u00e7\u00e3o de at\u00e9 25 embarca\u00e7\u00f5es por m\u00eas.<\/p>\n<p>Tamb\u00e9m foram inauguradas as obras de requalifica\u00e7\u00e3o dos armaz\u00e9ns, a instala\u00e7\u00e3o de um sistema de energia fotovoltaica \u2014 tornando Cabedelo o primeiro porto p\u00fablico do Brasil a operar com energia solar \u2014, a reconstru\u00e7\u00e3o da sede administrativa e os investimentos em saneamento b\u00e1sico. \u201cEsses investimentos est\u00e3o mudando completamente a estrutura portu\u00e1ria de Cabedelo e v\u00e3o, cada vez mais, ampliar as exporta\u00e7\u00f5es do Estado, colocando tanto Cabedelo quanto a Para\u00edba no hub internacional de desenvolvimento\u201d, destacou o ministro.<\/p>\n<p>A previs\u00e3o \u00e9 que sejam investidos mais R$ 130 milh\u00f5es para ampliar a infraestrutura, elevar a efici\u00eancia operacional e tornar o porto uma refer\u00eancia em log\u00edstica e sustentabilidade.<\/p>\n<p>De acordo com o governador Jo\u00e3o Azev\u00eado, o porto necessitava de uma grande reformula\u00e7\u00e3o, e o novo projeto vai abrir as portas para o desenvolvimento da cidade. \u201cO Porto, hoje, est\u00e1 preparado para receber navios de at\u00e9 55 mil toneladas, e sabemos que isso \u00e9 fundamental para o desenvolvimento da Para\u00edba. Ser\u00e1 a porta de entrada e sa\u00edda das riquezas do Estado, al\u00e9m de ajudar a integrar a comunidade da cidade de Cabedelo \u00e0s atividades portu\u00e1rias\u201d, afirmou. O Porto de Cabedelo tamb\u00e9m investe em a\u00e7\u00f5es sociais que beneficiam diretamente a popula\u00e7\u00e3o local. O programa Porto Cidade promove a sa\u00fade e o bem-estar da comunidade, oferecendo consultas m\u00e9dicas e exames laboratoriais gratuitos.<\/p>\n<p>Cabedelo possui uma \u00e1rea de 55 mil m\u00b2, com diversos armaz\u00e9ns, \u00e1rea administrativa e espa\u00e7os de conviv\u00eancia. Em mar\u00e7o deste ano, o local bateu o recorde hist\u00f3rico de movimenta\u00e7\u00e3o de cargas, recebendo 172 mil toneladas, com destaque para a importa\u00e7\u00e3o de petcoke e combust\u00edveis. Em 2025, o porto j\u00e1 ultrapassou a marca de 285 mil toneladas movimentadas, reafirmando sua import\u00e2ncia para o com\u00e9rcio internacional.<\/p>\n<p>Fonte: Minist\u00e9rio dos Portos e Aeroportos<\/p>\n","protected":false},"excerpt":{"rendered":"<p>A nova estrutura do Porto de Cabedelo, na Para\u00edba, foi inaugurada nesta segunda-feira (5), com investimentos que somam mais de R$ 300 milh\u00f5es. Localizado na&#8230;<\/p>\n","protected":false},"author":1527,"featured_media":58793,"comment_status":"closed","ping_status":"closed","sticky":false,"template":"","format":"standard","meta":{"footnotes":""},"categories":[6],"tags":[],"class_list":["post-58791","post","type-post","status-publish","format-standard","has-post-thumbnail","hentry","category-noticias"],"_links":{"self":[{"href":"https:\/\/www.sincomam.org.br\/index.php\/wp-json\/wp\/v2\/posts\/58791","targetHints":{"allow":["GET"]}}],"collection":[{"href":"https:\/\/www.sincomam.org.br\/index.php\/wp-json\/wp\/v2\/posts"}],"about":[{"href":"https:\/\/www.sincomam.org.br\/index.php\/wp-json\/wp\/v2\/types\/post"}],"author":[{"embeddable":true,"href":"https:\/\/www.sincomam.org.br\/index.php\/wp-json\/wp\/v2\/users\/1527"}],"replies":[{"embeddable":true,"href":"https:\/\/www.sincomam.org.br\/index.php\/wp-json\/wp\/v2\/comments?post=58791"}],"version-history":[{"count":1,"href":"https:\/\/www.sincomam.org.br\/index.php\/wp-json\/wp\/v2\/posts\/58791\/revisions"}],"predecessor-version":[{"id":58794,"href":"https:\/\/www.sincomam.org.br\/index.php\/wp-json\/wp\/v2\/posts\/58791\/revisions\/58794"}],"wp:featuredmedia":[{"embeddable":true,"href":"https:\/\/www.sincomam.org.br\/index.php\/wp-json\/wp\/v2\/media\/58793"}],"wp:attachment":[{"href":"https:\/\/www.sincomam.org.br\/index.php\/wp-json\/wp\/v2\/media?parent=58791"}],"wp:term":[{"taxonomy":"category","embeddable":true,"href":"https:\/\/www.sincomam.org.br\/index.php\/wp-json\/wp\/v2\/categories?post=58791"},{"taxonomy":"post_tag","embeddable":true,"href":"https:\/\/www.sincomam.org.br\/index.php\/wp-json\/wp\/v2\/tags?post=58791"}],"curies":[{"name":"wp","href":"https:\/\/api.w.org\/{rel}","templated":true}]}}