{"id":5878,"date":"2014-06-05T08:30:48","date_gmt":"2014-06-05T11:30:48","guid":{"rendered":"http:\/\/www.sincomam.org.br\/?p=5878"},"modified":"2014-06-04T23:06:04","modified_gmt":"2014-06-05T02:06:04","slug":"oabsp-cria-comissao-de-direito-maritimo-e-portuario","status":"publish","type":"post","link":"https:\/\/www.sincomam.org.br\/index.php\/oabsp-cria-comissao-de-direito-maritimo-e-portuario\/","title":{"rendered":"OAB\/SP cria comiss\u00e3o de Direito Mar\u00edtimo e Portu\u00e1rio"},"content":{"rendered":"<p><strong><em>Novos membros da comiss\u00e3o tomam posse esse m\u00eas<\/em><\/strong><\/p>\n<p>A nova Comiss\u00e3o de Direito Mar\u00edtimo e Portu\u00e1rio da OAB\/SP ter\u00e1 seus membros empossados nesse m\u00eas de junho. A cerim\u00f4nia que ser\u00e1 promovida pela entidade ser\u00e1 na sexta feira, (6).<\/p>\n<p>O advogado maritimista Luiz Henrique Pereira de Oliveira assumir\u00e1 a presid\u00eancia ao lado de Augusto Fauvel de Moraes (vice-presidente), Silvia Fiszman (secret\u00e1ria-geral) e Claudio Alberto Eidelchtein (secret\u00e1rio-adjunto).<\/p>\n<p>A Comiss\u00e3o ser\u00e1 composta ainda por outros 22 membros que conduzir\u00e3o os trabalhos no bi\u00eanio 2014\/2015.<\/p>\n<p>Fonte: Guia Mar\u00edtimo<br \/>Foto: Ilustrativa<\/p>\n","protected":false},"excerpt":{"rendered":"<p>Novos membros da comiss\u00e3o tomam posse esse m\u00eas A nova Comiss\u00e3o de Direito Mar\u00edtimo e Portu\u00e1rio da OAB\/SP ter\u00e1 seus membros empossados nesse m\u00eas de&#8230;<\/p>\n","protected":false},"author":1182,"featured_media":5121,"comment_status":"closed","ping_status":"closed","sticky":false,"template":"","format":"standard","meta":{"footnotes":""},"categories":[6],"tags":[],"class_list":["post-5878","post","type-post","status-publish","format-standard","has-post-thumbnail","hentry","category-noticias"],"_links":{"self":[{"href":"https:\/\/www.sincomam.org.br\/index.php\/wp-json\/wp\/v2\/posts\/5878","targetHints":{"allow":["GET"]}}],"collection":[{"href":"https:\/\/www.sincomam.org.br\/index.php\/wp-json\/wp\/v2\/posts"}],"about":[{"href":"https:\/\/www.sincomam.org.br\/index.php\/wp-json\/wp\/v2\/types\/post"}],"author":[{"embeddable":true,"href":"https:\/\/www.sincomam.org.br\/index.php\/wp-json\/wp\/v2\/users\/1182"}],"replies":[{"embeddable":true,"href":"https:\/\/www.sincomam.org.br\/index.php\/wp-json\/wp\/v2\/comments?post=5878"}],"version-history":[{"count":2,"href":"https:\/\/www.sincomam.org.br\/index.php\/wp-json\/wp\/v2\/posts\/5878\/revisions"}],"predecessor-version":[{"id":5886,"href":"https:\/\/www.sincomam.org.br\/index.php\/wp-json\/wp\/v2\/posts\/5878\/revisions\/5886"}],"wp:featuredmedia":[{"embeddable":true,"href":"https:\/\/www.sincomam.org.br\/index.php\/wp-json\/wp\/v2\/media\/5121"}],"wp:attachment":[{"href":"https:\/\/www.sincomam.org.br\/index.php\/wp-json\/wp\/v2\/media?parent=5878"}],"wp:term":[{"taxonomy":"category","embeddable":true,"href":"https:\/\/www.sincomam.org.br\/index.php\/wp-json\/wp\/v2\/categories?post=5878"},{"taxonomy":"post_tag","embeddable":true,"href":"https:\/\/www.sincomam.org.br\/index.php\/wp-json\/wp\/v2\/tags?post=5878"}],"curies":[{"name":"wp","href":"https:\/\/api.w.org\/{rel}","templated":true}]}}