{"id":58757,"date":"2025-05-02T10:02:05","date_gmt":"2025-05-02T13:02:05","guid":{"rendered":"https:\/\/www.sincomam.org.br\/?p=58757"},"modified":"2025-05-02T10:02:05","modified_gmt":"2025-05-02T13:02:05","slug":"nova-tabela-do-ir-entra-em-vigor-veja-o-que-muda","status":"publish","type":"post","link":"https:\/\/www.sincomam.org.br\/index.php\/nova-tabela-do-ir-entra-em-vigor-veja-o-que-muda\/","title":{"rendered":"Nova tabela do IR entra em vigor; veja o que muda"},"content":{"rendered":"<p>Come\u00e7ou a\u00a0valer nesta quinta-feira (1\u00ba) a isen\u00e7\u00e3o do Imposto de Renda\u00a0de Pessoa F\u00edsica (IRPF) para quem recebe at\u00e9 R$ 3.036 por m\u00eas, o equivalente a\u00a0dois sal\u00e1rios m\u00ednimos em valores atualizados.<img decoding=\"async\" src=\"https:\/\/agenciabrasil.ebc.com.br\/ebc.png?id=1641240&amp;o=node\" \/><img decoding=\"async\" src=\"https:\/\/agenciabrasil.ebc.com.br\/ebc.gif?id=1641240&amp;o=node\" \/><\/p>\n<p>A medida confirma promessa de campanha do presidente Luiz In\u00e1cio Lula da Silva, de garantir, durante seu mandato, a\u00a0isen\u00e7\u00e3o no m\u00ednimo para quem ganha at\u00e9 dois sal\u00e1rios m\u00ednimos. Uma primeira atualiza\u00e7\u00e3o da tabela do IR j\u00e1 havia sido sancionada em 1\u00ba de maio do ano passado.<\/p>\n<p>A\u00a0nova atualiza\u00e7\u00e3o deve ser sentida pelo contribuinte no ano que vem, quando for aberto o per\u00edodo de entrega da declara\u00e7\u00e3o do IRPF 2026, que leva em considera\u00e7\u00e3o os rendimentos recebidos neste ano.<\/p>\n<p>Assim como no ano passado, contudo, as mudan\u00e7as\u00a0ocorrem apenas nas duas primeiras faixas de cobran\u00e7a. Os demais intervalos da tabela progressiva seguem com os mesmos valores inalterados desde 2015.<\/p>\n<p>De todo modo,\u00a0quem tiver recebido mais de dois sal\u00e1rios m\u00ednimos (R$ 3.036) por m\u00eas, de maio de 2025 em diante, dever\u00e1 pagar imposto de renda sobre os rendimentos de acordo com faixas,\u00a0conforme a tabela a seguir.<\/p>\n<p>&nbsp;<\/p>\n<table border=\"1\" cellspacing=\"1\" cellpadding=\"1\" align=\"center\">\n<tbody>\n<tr>\n<td class=\"rtecenter\"><strong>Base de C\u00e1lculo (R$)<\/strong><\/td>\n<td class=\"rtecenter\"><strong>Al\u00edquota (%)<\/strong><\/td>\n<\/tr>\n<tr>\n<td class=\"rtecenter\">At\u00e9 2.428,80<\/td>\n<td class=\"rtecenter\">0<\/td>\n<\/tr>\n<tr>\n<td class=\"rtecenter\">De 2.428,81 at\u00e9 2.826,65<\/td>\n<td class=\"rtecenter\">7,5<\/td>\n<\/tr>\n<tr>\n<td class=\"rtecenter\">De 2.826,66 at\u00e9 3.751,05<\/td>\n<td class=\"rtecenter\">15<\/td>\n<\/tr>\n<tr>\n<td class=\"rtecenter\">De 3.751,06 at\u00e9 4.664,68<\/td>\n<td class=\"rtecenter\">22,5<\/td>\n<\/tr>\n<tr>\n<td class=\"rtecenter\">Acima de 4.664,68<\/td>\n<td class=\"rtecenter\">27,5<\/td>\n<\/tr>\n<\/tbody>\n<\/table>\n<p>&nbsp;<\/p>\n<p>Um\u00a0projeto de lei com a reforma ampla da tabela do Imposto de Renda, com isen\u00e7\u00e3o para quem ganha at\u00e9 R$ 5 mil, foi\u00a0enviado\u00a0ao Congresso pelo governo em mar\u00e7o e ainda deve ser analisado.<\/p>\n<p>O\u00a0projeto\u00a0prev\u00ea, por exemplo,\u00a0compensar a perda de arrecada\u00e7\u00e3o com os contribuintes de menor renda por meio da cobran\u00e7a de al\u00edquotas fixas adicionais para quem ganha acima de R$ 600 mil, progressivamente. Caso haja aprova\u00e7\u00e3o neste ano, as novas regras podem valer j\u00e1 a partir de 2026.<\/p>\n<h2>Sal\u00e1rio m\u00ednimo<\/h2>\n<p>Neste ano, o\u00a0sal\u00e1rio m\u00ednimo foi estabelecido por decreto em R$ 1.518\u00a0a partir de 1\u00ba de janeiro. O valor representa um ganho maior do que a infla\u00e7\u00e3o medida pelo \u00cdndice Nacional de Pre\u00e7os ao Consumidor (INPC) apurado nos 12 meses at\u00e9 novembro de 2024.<\/p>\n<p>Presidente Lula sancionou, em dezembro, uma\u00a0lei que alterou a metodologia de c\u00e1lculo do sal\u00e1rio m\u00ednimo.<\/p>\n<p>Pela nova legisla\u00e7\u00e3o, a\u00a0concess\u00e3o de um aumento real em 2025 levou em considera\u00e7\u00e3o, al\u00e9m da infla\u00e7\u00e3o medida pelo INPC, a eleva\u00e7\u00e3o do Produto Interno Bruto (PIB)\u00a0medido nos dois anos anteriores, mas com uma limita\u00e7\u00e3o de 2,5%.<\/p>\n<p>Uma das principais pol\u00edticas de distribui\u00e7\u00e3o de renda, o sal\u00e1rio m\u00ednimo foi criado para limitar o valor mais baixo da remunera\u00e7\u00e3o que algu\u00e9m pode receber em troca de seu trabalho.<\/p>\n<p>O sal\u00e1rio m\u00ednimo serve tamb\u00e9m como valor base de benef\u00edcios assistenciais e previdenci\u00e1rios pagos pelo governo, como Bolsa Fam\u00edlia, aposentadorias, pens\u00f5es e benef\u00edcios de presta\u00e7\u00e3o continuada (BPC).<\/p>\n<p>Segundo dados do Departamento Intersindical de Estat\u00edstica e Estudos Socioecon\u00f4micos (Dieese),\u00a0cerca de 59 milh\u00f5es de pessoas no Brasil t\u00eam rendimento ligado ao sal\u00e1rio m\u00ednimo. Aproximadamente 19 milh\u00f5es de aposentados e pensionistas recebem o valor do sal\u00e1rio m\u00ednimo.<\/p>\n<h2>Medida Provis\u00f3ria<\/h2>\n<p>Apesar do novo m\u00ednimo estar vigente desde o in\u00edcio do ano, somente em meados de abril o governo p\u00f4de publicar a Medida Provis\u00f3ria (MP) que\u00a0atualizou o valor da isen\u00e7\u00e3o do Imposto de Renda, para que quem ganha at\u00e9 dois sal\u00e1rios m\u00ednimos voltasse a ser beneficiado, levando em considera\u00e7\u00e3o os valores de 2025.<\/p>\n<p>O atraso se deu pela demora do Congresso em aprovar o or\u00e7amento deste ano, que foi sancionado apenas em abril, depois de Executivo, Legislativo e Judici\u00e1rio terem firmado um\u00a0acordo para garantir maior transpar\u00eancia e rastreabilidade \u00e0s emendas parlamentares\u00a0feitas ao or\u00e7amento.<\/p>\n<p>Fonte: Ag\u00eancia Brasil<\/p>\n","protected":false},"excerpt":{"rendered":"<p>Come\u00e7ou a\u00a0valer nesta quinta-feira (1\u00ba) a isen\u00e7\u00e3o do Imposto de Renda\u00a0de Pessoa F\u00edsica (IRPF) para quem recebe at\u00e9 R$ 3.036 por m\u00eas, o equivalente a\u00a0dois&#8230;<\/p>\n","protected":false},"author":1527,"featured_media":58759,"comment_status":"closed","ping_status":"closed","sticky":false,"template":"","format":"standard","meta":{"footnotes":""},"categories":[6],"tags":[],"class_list":["post-58757","post","type-post","status-publish","format-standard","has-post-thumbnail","hentry","category-noticias"],"_links":{"self":[{"href":"https:\/\/www.sincomam.org.br\/index.php\/wp-json\/wp\/v2\/posts\/58757","targetHints":{"allow":["GET"]}}],"collection":[{"href":"https:\/\/www.sincomam.org.br\/index.php\/wp-json\/wp\/v2\/posts"}],"about":[{"href":"https:\/\/www.sincomam.org.br\/index.php\/wp-json\/wp\/v2\/types\/post"}],"author":[{"embeddable":true,"href":"https:\/\/www.sincomam.org.br\/index.php\/wp-json\/wp\/v2\/users\/1527"}],"replies":[{"embeddable":true,"href":"https:\/\/www.sincomam.org.br\/index.php\/wp-json\/wp\/v2\/comments?post=58757"}],"version-history":[{"count":1,"href":"https:\/\/www.sincomam.org.br\/index.php\/wp-json\/wp\/v2\/posts\/58757\/revisions"}],"predecessor-version":[{"id":58760,"href":"https:\/\/www.sincomam.org.br\/index.php\/wp-json\/wp\/v2\/posts\/58757\/revisions\/58760"}],"wp:featuredmedia":[{"embeddable":true,"href":"https:\/\/www.sincomam.org.br\/index.php\/wp-json\/wp\/v2\/media\/58759"}],"wp:attachment":[{"href":"https:\/\/www.sincomam.org.br\/index.php\/wp-json\/wp\/v2\/media?parent=58757"}],"wp:term":[{"taxonomy":"category","embeddable":true,"href":"https:\/\/www.sincomam.org.br\/index.php\/wp-json\/wp\/v2\/categories?post=58757"},{"taxonomy":"post_tag","embeddable":true,"href":"https:\/\/www.sincomam.org.br\/index.php\/wp-json\/wp\/v2\/tags?post=58757"}],"curies":[{"name":"wp","href":"https:\/\/api.w.org\/{rel}","templated":true}]}}