{"id":58747,"date":"2025-05-02T09:56:13","date_gmt":"2025-05-02T12:56:13","guid":{"rendered":"https:\/\/www.sincomam.org.br\/?p=58747"},"modified":"2025-05-02T09:56:13","modified_gmt":"2025-05-02T12:56:13","slug":"conferencia-da-nn-logistica-debate-financiamento-para-a-industria-naval-fluvial","status":"publish","type":"post","link":"https:\/\/www.sincomam.org.br\/index.php\/conferencia-da-nn-logistica-debate-financiamento-para-a-industria-naval-fluvial\/","title":{"rendered":"Confer\u00eancia da NN Log\u00edstica debate financiamento para a ind\u00fastria naval fluvial"},"content":{"rendered":"<p>No pr\u00f3ximo 7 de maio, durante a NN Log\u00edstica, acontecer\u00e1 o painel &#8220;Financiamento e pol\u00edticas p\u00fablicas para a ind\u00fastria naval fluvial&#8221;, no Centro de Conven\u00e7\u00f5es da Amaz\u00f4nia Vasco Vasques, em Manaus. O tema integra a confer\u00eancia oficial que ocorre paralelamente \u00e0 feira dedicada \u00e0 ind\u00fastria naval fluvial.<\/p>\n<p>As palestras, seguidas de debate, abordar\u00e3o as principais demandas de estaleiros e armadores da regi\u00e3o Norte, como acesso a linhas de cr\u00e9dito espec\u00edficas, moderniza\u00e7\u00e3o da frota, desburocratiza\u00e7\u00e3o e incentivos \u00e0 navega\u00e7\u00e3o sustent\u00e1vel.<\/p>\n<p>O painel contar\u00e1 com a participa\u00e7\u00e3o do Diretor do Departamento de Navega\u00e7\u00e3o e Fomento do Minist\u00e9rio de Portos e Aeroportos, Otto Luiz Burlier da Silveira Filho. O \u00f3rg\u00e3o \u00e9 respons\u00e1vel pela gest\u00e3o do Fundo da Marinha Mercante (FMM), principal fonte de financiamento do setor naval no Brasil.<\/p>\n<p>Heron Vieira Oleano, Superintendente Executivo da Caixa Econ\u00f4mica Federal, e Luiz Louren\u00e7o, Gerente Executivo de Pessoa Jur\u00eddica do Banco da Amaz\u00f4nia, os bancos agentes do FMM, apresentar\u00e3o os produtos das institui\u00e7\u00f5es financeiras durante o painel.<\/p>\n<p>F\u00e1bio Vasconcellos, Diretor Comercial do Estaleiro Rio Maguari e Vice-Presidente do Sindicato Nacional da Ind\u00fastria da Constru\u00e7\u00e3o e Repara\u00e7\u00e3o Naval e Offshore (SINAVAL), marcar\u00e1 a vis\u00e3o do setor privado e suas demandas.<\/p>\n<p>A discuss\u00e3o ser\u00e1 crucial para alinhar pol\u00edticas p\u00fablicas, oferta de cr\u00e9dito e necessidades da ind\u00fastria, visando impulsionar a navega\u00e7\u00e3o fluvial na Amaz\u00f4nia. O evento integra a programa\u00e7\u00e3o da NN Log\u00edstica, feira que re\u00fane os principais players da log\u00edstica e transporte na regi\u00e3o Norte.<\/p>\n<p>Fonte: Porto e Navios<\/p>\n","protected":false},"excerpt":{"rendered":"<p>No pr\u00f3ximo 7 de maio, durante a NN Log\u00edstica, acontecer\u00e1 o painel &#8220;Financiamento e pol\u00edticas p\u00fablicas para a ind\u00fastria naval fluvial&#8221;, no Centro de Conven\u00e7\u00f5es&#8230;<\/p>\n","protected":false},"author":1527,"featured_media":58749,"comment_status":"closed","ping_status":"closed","sticky":false,"template":"","format":"standard","meta":{"footnotes":""},"categories":[6],"tags":[],"class_list":["post-58747","post","type-post","status-publish","format-standard","has-post-thumbnail","hentry","category-noticias"],"_links":{"self":[{"href":"https:\/\/www.sincomam.org.br\/index.php\/wp-json\/wp\/v2\/posts\/58747","targetHints":{"allow":["GET"]}}],"collection":[{"href":"https:\/\/www.sincomam.org.br\/index.php\/wp-json\/wp\/v2\/posts"}],"about":[{"href":"https:\/\/www.sincomam.org.br\/index.php\/wp-json\/wp\/v2\/types\/post"}],"author":[{"embeddable":true,"href":"https:\/\/www.sincomam.org.br\/index.php\/wp-json\/wp\/v2\/users\/1527"}],"replies":[{"embeddable":true,"href":"https:\/\/www.sincomam.org.br\/index.php\/wp-json\/wp\/v2\/comments?post=58747"}],"version-history":[{"count":1,"href":"https:\/\/www.sincomam.org.br\/index.php\/wp-json\/wp\/v2\/posts\/58747\/revisions"}],"predecessor-version":[{"id":58750,"href":"https:\/\/www.sincomam.org.br\/index.php\/wp-json\/wp\/v2\/posts\/58747\/revisions\/58750"}],"wp:featuredmedia":[{"embeddable":true,"href":"https:\/\/www.sincomam.org.br\/index.php\/wp-json\/wp\/v2\/media\/58749"}],"wp:attachment":[{"href":"https:\/\/www.sincomam.org.br\/index.php\/wp-json\/wp\/v2\/media?parent=58747"}],"wp:term":[{"taxonomy":"category","embeddable":true,"href":"https:\/\/www.sincomam.org.br\/index.php\/wp-json\/wp\/v2\/categories?post=58747"},{"taxonomy":"post_tag","embeddable":true,"href":"https:\/\/www.sincomam.org.br\/index.php\/wp-json\/wp\/v2\/tags?post=58747"}],"curies":[{"name":"wp","href":"https:\/\/api.w.org\/{rel}","templated":true}]}}