{"id":58735,"date":"2025-04-30T11:49:16","date_gmt":"2025-04-30T14:49:16","guid":{"rendered":"https:\/\/www.sincomam.org.br\/?p=58735"},"modified":"2025-04-30T11:49:16","modified_gmt":"2025-04-30T14:49:16","slug":"desemprego-sobe-a-7-mas-e-a-menor-taxa-para-o-1o-trimestre-desde-2012-diz-ibge","status":"publish","type":"post","link":"https:\/\/www.sincomam.org.br\/index.php\/desemprego-sobe-a-7-mas-e-a-menor-taxa-para-o-1o-trimestre-desde-2012-diz-ibge\/","title":{"rendered":"Desemprego sobe a 7%, mas \u00e9 a menor taxa para o 1\u00ba trimestre desde 2012, diz IBGE"},"content":{"rendered":"<div id=\"chunk-4qetp\">\n<div class=\"mc-column content-text active-extra-styles \" data-block-type=\"unstyled\" data-block-weight=\"36\" data-block-id=\"3\">\n<p class=\" content-text__container \" data-track-category=\"Link no Texto\" data-track-links=\"\" data-mrf-recirculation=\"Mat\u00e9ria - Links no Texto\">A taxa de desemprego no Brasil foi de\u00a0<strong>7%<\/strong>\u00a0no primeiro trimestre de 2025, segundo a Pesquisa Nacional por Amostra de Domic\u00edlios (PNAD) Cont\u00ednua, divulgada nesta quarta-feira (30) pelo Instituto Brasileiro de Geografia e Estat\u00edstica (IBGE).<\/p>\n<\/div>\n<\/div>\n<div class=\"wall protected-content\">\n<div id=\"chunk-3nobf\">\n<div class=\"mc-column content-text active-extra-styles \" data-block-type=\"unstyled\" data-block-weight=\"31\" data-block-id=\"5\">\n<p class=\" content-text__container \" data-track-category=\"Link no Texto\" data-track-links=\"\" data-mrf-recirculation=\"Mat\u00e9ria - Links no Texto\">Houve um aumento de 0,8 ponto percentual (p.p.) em rela\u00e7\u00e3o ao\u00a0trimestre anterior (6,2%), terminado em dezembro, mas uma queda de 0,9 p.p. em compara\u00e7\u00e3o ao mesmo per\u00edodo de 2024 (7,9%).<\/p>\n<\/div>\n<\/div>\n<div id=\"chunk-4rqq9\">\n<div class=\"mc-column content-text active-extra-styles \" data-block-type=\"unstyled\" data-block-weight=\"28\" data-block-id=\"6\">\n<p class=\" content-text__container \" data-track-category=\"Link no Texto\" data-track-links=\"\" data-mrf-recirculation=\"Mat\u00e9ria - Links no Texto\">Apesar do aumento trimestral,\u00a0<span class=\"highlight highlighted\">esta foi a menor taxa de desemprego para um trimestre encerrado em mar\u00e7o desde que o IBGE come\u00e7ou a calcular o \u00edndice, em 2012.<\/span><\/p>\n<div id=\"chunk-dvk54\">\n<div class=\"mc-column content-text active-extra-styles \" data-block-type=\"unstyled\" data-block-weight=\"41\" data-block-id=\"8\">\n<p class=\" content-text__container \" data-track-category=\"Link no Texto\" data-track-links=\"\" data-mrf-recirculation=\"Mat\u00e9ria - Links no Texto\"><span class=\"highlight highlighted\">Ao todo, 7,7 milh\u00f5es de pessoas est\u00e3o sem emprego no pa\u00eds<\/span>, o que representa um aumento de 13,1% (ou mais 891 mil pessoas) em rela\u00e7\u00e3o ao trimestre anterior, mas um recuo de 10,5% (menos 909 mil pessoas) em compara\u00e7\u00e3o com 2024.<\/p>\n<\/div>\n<\/div>\n<div id=\"chunk-5p9ks\">\n<div class=\"mc-column content-text active-extra-styles \" data-block-type=\"unstyled\" data-block-weight=\"32\" data-block-id=\"9\">\n<p class=\" content-text__container \" data-track-category=\"Link no Texto\" data-track-links=\"\" data-mrf-recirculation=\"Mat\u00e9ria - Links no Texto\"><span class=\"highlight highlighted\">A popula\u00e7\u00e3o ocupada no Brasil foi de 102,5 milh\u00f5es<\/span>, uma queda de 1,3% (menos 1,3 milh\u00e3o de pessoas) no trimestre e um aumento de 2,3% (mais 2,3 milh\u00f5es de pessoas) no ano.<\/p>\n<\/div>\n<\/div>\n<div id=\"chunk-90lg6\">\n<div class=\"mc-column content-text active-extra-styles \" data-block-type=\"unstyled\" data-block-weight=\"28\" data-block-id=\"10\">\n<p class=\" content-text__container \" data-track-category=\"Link no Texto\" data-track-links=\"\" data-mrf-recirculation=\"Mat\u00e9ria - Links no Texto\">Com isso, 57,8% das pessoas em idade de trabalhar no Brasil (14 anos ou mais) est\u00e3o empregadas \u2014 \u00e9 o que o IBGE chama de\u00a0n\u00edvel de ocupa\u00e7\u00e3o.<\/p>\n<\/div>\n<\/div>\n<div id=\"chunk-4gdlb\">\n<div class=\"mc-column content-text active-extra-styles \" data-block-type=\"unstyled\" data-block-weight=\"27\" data-block-id=\"11\">\n<p class=\" content-text__container \" data-track-category=\"Link no Texto\" data-track-links=\"\" data-mrf-recirculation=\"Mat\u00e9ria - Links no Texto\">Segundo Adriana Beringuy, coordenadora de pesquisas domiciliares do IBGE, o aumento da taxa de desemprego no trimestre demonstra um comportamento sazonal, geralmente observado no in\u00edcio do ano.<\/p>\n<\/div>\n<\/div>\n<div id=\"chunk-svjt\">\n<div class=\"mc-column content-text active-extra-styles \" data-block-type=\"unstyled\" data-block-weight=\"38\" data-block-id=\"12\">\n<p class=\" content-text__container \" data-track-category=\"Link no Texto\" data-track-links=\"\" data-mrf-recirculation=\"Mat\u00e9ria - Links no Texto\">As demiss\u00f5es s\u00e3o mais comuns no primeiro trimestre porque terminam os contratos de empregados tempor\u00e1rios admitidos para atender \u00e0 demanda do Natal.\u00a0<span class=\"highlight highlighted\">No entanto, a taxa de 7% ainda caracteriza um mercado de trabalho aquecido, destaca a especialista.<\/span><\/p>\n<div id=\"chunk-1qrns\">\n<div class=\"mc-column content-text active-extra-styles\" data-block-type=\"raw\" data-block-weight=\"5\" data-block-id=\"14\">\n<div class=\"content-intertitle\">\n<h2>Veja os destaques da pesquisa<\/h2>\n<\/div>\n<\/div>\n<\/div>\n<div id=\"chunk-do3o9\">\n<div class=\"mc-column content-text active-extra-styles\" data-block-type=\"raw\" data-block-weight=\"56\" data-block-id=\"15\">\n<ul class=\"content-unordered-list\">\n<li><strong>Taxa de desocupa\u00e7\u00e3o:\u00a0<\/strong>7%<\/li>\n<li><strong>Popula\u00e7\u00e3o desocupada:\u00a0<\/strong>7,7 milh\u00f5es de pessoas<\/li>\n<li><strong>Popula\u00e7\u00e3o ocupada:<\/strong>\u00a0102,5 milh\u00f5es<\/li>\n<li><strong>Popula\u00e7\u00e3o fora da for\u00e7a de trabalho:<\/strong>\u00a067 milh\u00f5es<\/li>\n<li><strong>Popula\u00e7\u00e3o desalentada:\u00a0<\/strong>3,2 milh\u00f5es<\/li>\n<li><strong>Empregados com carteira assinada:\u00a0<\/strong>39,4 milh\u00f5es<\/li>\n<li><strong>Empregados sem carteira assinada:<\/strong>\u00a013,4 milh\u00f5es<\/li>\n<li><strong>Trabalhadores por conta pr\u00f3pria:<\/strong>\u00a025,9 milh\u00f5es<\/li>\n<li><strong>Trabalhadores dom\u00e9sticos:<\/strong>\u00a05,7 milh\u00f5es<\/li>\n<li><strong>Trabalhadores informais:<\/strong>\u00a038,9 milh\u00f5es<\/li>\n<li><strong>Taxa de informalidade:<\/strong>\u00a038%<\/li>\n<\/ul>\n<div id=\"chunk-7ln8k\">\n<div class=\"mc-column content-text active-extra-styles\" data-block-type=\"raw\" data-block-weight=\"3\" data-block-id=\"17\">\n<div class=\"content-intertitle\">\n<h2>Rendimento bate recorde<\/h2>\n<\/div>\n<p>As pessoas ocupadas receberam cerca de R$ 3.410 por m\u00eas no trimestre terminado em mar\u00e7o, por todos os trabalhos que tinham na semana de refer\u00eancia da pesquisa. \u00c9 o que o IBGE chama de rendimento m\u00e9dio real habitual.<\/p>\n<\/div>\n<\/div>\n<div id=\"chunk-18lde\">\n<div class=\"mc-column content-text active-extra-styles \" data-block-type=\"unstyled\" data-block-weight=\"18\" data-block-id=\"19\">\n<p class=\" content-text__container \" data-track-category=\"Link no Texto\" data-track-links=\"\" data-mrf-recirculation=\"Mat\u00e9ria - Links no Texto\"><span class=\"highlight highlighted\">Foi o novo recorde da s\u00e9rie hist\u00f3rica<\/span>, crescendo nas duas compara\u00e7\u00f5es: 1,2% no trimestre e 4% no ano.<\/p>\n<\/div>\n<\/div>\n<div id=\"chunk-a8d1a\">\n<div class=\"mc-column content-text active-extra-styles \" data-block-type=\"unstyled\" data-block-weight=\"33\" data-block-id=\"20\">\n<p class=\" content-text__container \" data-track-category=\"Link no Texto\" data-track-links=\"\" data-mrf-recirculation=\"Mat\u00e9ria - Links no Texto\">J\u00e1 a\u00a0massa de rendimentos, que soma os valores recebidos por todos esses trabalhadores, foi estimada em R$ 345 bilh\u00f5es, mantendo estabilidade no trimestre e crescendo 6,6% (mais R$ 21,2 bilh\u00f5es) no ano.<\/p>\n<\/div>\n<\/div>\n<div id=\"chunk-4p9mv\">\n<div class=\"mc-column content-text active-extra-styles\" data-block-type=\"raw\" data-block-weight=\"4\" data-block-id=\"21\">\n<p class=\"content-text__container\" data-mrf-recirculation=\"Mat\u00e9ria - Links no Texto\"><strong>Carteira assinada se mant\u00e9m<\/strong><\/p>\n<p>O n\u00famero de trabalhadores com e sem carteira assinada no setor privado cresceu 3% em rela\u00e7\u00e3o ao ano passado e chegou a 53,1 milh\u00f5es.<\/p>\n<\/div>\n<\/div>\n<div id=\"chunk-jhbi\">\n<div class=\"mc-column content-text active-extra-styles \" data-block-type=\"unstyled\" data-block-weight=\"36\" data-block-id=\"23\">\n<p class=\" content-text__container \" data-track-category=\"Link no Texto\" data-track-links=\"\" data-mrf-recirculation=\"Mat\u00e9ria - Links no Texto\">Entre os\u00a0empregados com carteira assinada, o n\u00famero absoluto de profissionais chegou a 39,4 milh\u00f5es,\u00a0<span class=\"highlight highlighted\">demonstrando uma estabilidade no trimestre, apesar do aumento da desocupa\u00e7\u00e3o<\/span>, e um crescimento de 3,9% (mais 1,5 mil pessoas) no ano.<\/p>\n<\/div>\n<\/div>\n<div id=\"chunk-7hit5\">\n<div class=\"mc-column content-text active-extra-styles \" data-block-type=\"unstyled\" data-block-weight=\"27\" data-block-id=\"24\">\n<p class=\" content-text__container \" data-track-category=\"Link no Texto\" data-track-links=\"\" data-mrf-recirculation=\"Mat\u00e9ria - Links no Texto\">J\u00e1 os empregados sem carteira s\u00e3o 13,5 milh\u00f5es. Houve uma queda de 5,3% (menos 751 mil pessoas) no trimestre, mas o \u00edndice se manteve est\u00e1vel no ano.<\/p>\n<div id=\"chunk-bdrem\">\n<div class=\"mc-column content-text active-extra-styles \" data-block-type=\"unstyled\" data-block-weight=\"31\" data-block-id=\"26\">\n<p class=\" content-text__container \" data-track-category=\"Link no Texto\" data-track-links=\"\" data-mrf-recirculation=\"Mat\u00e9ria - Links no Texto\">A<strong>\u00a0taxa de informalidade ficou em 38%<\/strong>\u00a0da popula\u00e7\u00e3o ocupada (ou 38,9 milh\u00f5es de trabalhadores). No trimestre anterior, o percentual era de 38,6% e, no mesmo per\u00edodo de 2024, de 38,9%.<\/p>\n<\/div>\n<\/div>\n<div id=\"chunk-7mqn5\">\n<div class=\"mc-column content-text active-extra-styles \" data-block-type=\"unstyled\" data-block-weight=\"26\" data-block-id=\"27\">\n<p class=\" content-text__container \" data-track-category=\"Link no Texto\" data-track-links=\"\" data-mrf-recirculation=\"Mat\u00e9ria - Links no Texto\">No\u00a0<strong>setor p\u00fablico<\/strong>, o n\u00famero de empregados (12,5 milh\u00f5es) recuou 2,3% (menos 289 mil pessoas) no trimestre e subiu 3,7% (mais 444 mil pessoas) no ano.<\/p>\n<\/div>\n<\/div>\n<div id=\"chunk-brkcf\">\n<div class=\"mc-column content-text active-extra-styles \" data-block-type=\"unstyled\" data-block-weight=\"27\" data-block-id=\"28\">\n<p class=\" content-text__container \" data-track-category=\"Link no Texto\" data-track-links=\"\" data-mrf-recirculation=\"Mat\u00e9ria - Links no Texto\">Os trabalhadores por conta pr\u00f3pria s\u00e3o 25,9 milh\u00f5es, o que representa uma estabilidade no trimestre e um crescimento de 2% (ou mais 496 mil pessoas) no ano.<\/p>\n<\/div>\n<\/div>\n<div id=\"chunk-fv36n\">\n<div class=\"mc-column content-text active-extra-styles\" data-block-type=\"raw\" data-block-weight=\"6\" data-block-id=\"29\">\n<p class=\"content-text__container\" data-mrf-recirculation=\"Mat\u00e9ria - Links no Texto\"><strong>Grupo \u2018fora da for\u00e7a de trabalho\u2019<\/strong><\/p>\n<p>Seguindo o padr\u00e3o internacional, o IBGE classifica como desocupadas as pessoas sem trabalho que est\u00e3o procurando emprego. A soma desse grupo com o dos empregados totaliza a popula\u00e7\u00e3o dentro da for\u00e7a de trabalho no Brasil, que ficou em 110,2 milh\u00f5es no trimestre terminado em mar\u00e7o.<\/p>\n<\/div>\n<\/div>\n<div id=\"chunk-dekp3\">\n<div class=\"mc-column content-text active-extra-styles \" data-block-type=\"unstyled\" data-block-weight=\"41\" data-block-id=\"31\">\n<p class=\" content-text__container \" data-track-category=\"Link no Texto\" data-track-links=\"\" data-mrf-recirculation=\"Mat\u00e9ria - Links no Texto\">Assim,\u00a0<span class=\"highlight highlighted\">est\u00e3o fora da for\u00e7a de trabalho 67 milh\u00f5es de brasileiros<\/span>, um crescimento de 1,2% no trimestre, e estabilidade no ano. S\u00e3o pessoas de 14 anos ou mais desempregadas, mas que n\u00e3o est\u00e3o em busca de servi\u00e7o ou dispon\u00edveis para trabalhar.<\/p>\n<\/div>\n<\/div>\n<div id=\"chunk-144co\">\n<div class=\"mc-column content-text active-extra-styles \" data-block-type=\"unstyled\" data-block-weight=\"27\" data-block-id=\"32\">\n<p class=\" content-text__container \" data-track-category=\"Link no Texto\" data-track-links=\"\" data-mrf-recirculation=\"Mat\u00e9ria - Links no Texto\">Neste grupo, por exemplo, est\u00e3o aposentados, adolescentes em idade escolar e donas de casa que n\u00e3o t\u00eam interesse ou condi\u00e7\u00f5es de trabalhar fora, al\u00e9m dos desalentados.<\/p>\n<div id=\"chunk-fad6k\">\n<div class=\"mc-column content-text active-extra-styles \" data-block-type=\"unstyled\" data-block-weight=\"19\" data-block-id=\"35\">\n<p class=\" content-text__container \" data-track-category=\"Link no Texto\" data-track-links=\"\" data-mrf-recirculation=\"Mat\u00e9ria - Links no Texto\">A popula\u00e7\u00e3o desalentada no Brasil ficou em 3,2 milh\u00f5es, crescendo 6,6% no trimestre e recuando 10,2% no ano.<\/p>\n<\/div>\n<\/div>\n<div id=\"chunk-62i8v\">\n<div class=\"mc-column content-text active-extra-styles \" data-block-type=\"unstyled\" data-block-weight=\"32\" data-block-id=\"36\">\n<p class=\" content-text__container \" data-track-category=\"Link no Texto\" data-track-links=\"\" data-mrf-recirculation=\"Mat\u00e9ria - Links no Texto\"><em> Os\u00a0<\/em><strong><em>desalentados\u00a0<\/em><\/strong><em>s\u00e3o pessoas que gostariam de trabalhar, mas desistiram de procurar emprego por acharem que n\u00e3o encontrariam, por falta de qualifica\u00e7\u00e3o ou de oportunidades na regi\u00e3o onde moram, por exemplo.<\/em><\/p>\n<\/div>\n<\/div>\n<div id=\"chunk-crcsk\">\n<div class=\"mc-column content-text active-extra-styles \" data-block-type=\"unstyled\" data-block-weight=\"32\" data-block-id=\"37\">\n<p class=\" content-text__container \" data-track-category=\"Link no Texto\" data-track-links=\"\" data-mrf-recirculation=\"Mat\u00e9ria - Links no Texto\">Neste contexto, a PNAD calcula que\u00a0<span class=\"highlight highlighted\">o Brasil tem 18,5 milh\u00f5es de pessoas subutilizadas<\/span>, ou seja, que t\u00eam potencial para trabalhar, mas n\u00e3o est\u00e3o ocupadas ou n\u00e3o trabalham horas o suficiente.<\/p>\n<\/div>\n<\/div>\n<div id=\"chunk-behjg\">\n<div class=\"mc-column content-text active-extra-styles \" data-block-type=\"unstyled\" data-block-weight=\"31\" data-block-id=\"38\">\n<p class=\" content-text__container \" data-track-category=\"Link no Texto\" data-track-links=\"\" data-mrf-recirculation=\"Mat\u00e9ria - Links no Texto\">A<strong>\u00a0taxa de subutiliza\u00e7\u00e3o<\/strong>\u00a0ficou em 15,9%, um crescimento de 0,6 p.p. frente ao trimestre anterior (15,2%), mas uma queda de 2,0 p.p. ante o mesmo per\u00edodo de 2024 (17,9 %).<\/p>\n<div id=\"chunk-6l9vb\">\n<div class=\"mc-column content-text active-extra-styles \" data-block-type=\"unstyled\" data-block-weight=\"34\" data-block-id=\"40\">\n<p class=\" content-text__container \" data-track-category=\"Link no Texto\" data-track-links=\"\" data-mrf-recirculation=\"Mat\u00e9ria - Links no Texto\">Pessoas que recebem Bolsa Fam\u00edlia ou outros programas de transfer\u00eancia de renda podem fazer parte de qualquer um dos grupos da pesquisa. Se tiverem um trabalho informal, por exemplo, ser\u00e3o contabilizadas como ocupadas.<\/p>\n<\/div>\n<\/div>\n<div data-track-category=\"multicontent\" data-track-action=\"multicontent\" data-track-noninteraction=\"false\" data-track-scroll=\"ultimo chunk conteudo\" data-track-value=\"view\">\n<div id=\"chunk-dkld1\">\n<div class=\"block-podcast\">Fonte: G1<\/div>\n<\/div>\n<\/div>\n<\/div>\n<\/div>\n<\/div>\n<\/div>\n<\/div>\n<\/div>\n<\/div>\n<\/div>\n<\/div>\n<\/div>\n<\/div>\n<\/div>\n<\/div>\n","protected":false},"excerpt":{"rendered":"<p>A taxa de desemprego no Brasil foi de\u00a07%\u00a0no primeiro trimestre de 2025, segundo a Pesquisa Nacional por Amostra de Domic\u00edlios (PNAD) Cont\u00ednua, divulgada nesta quarta-feira&#8230;<\/p>\n","protected":false},"author":1527,"featured_media":58737,"comment_status":"closed","ping_status":"closed","sticky":false,"template":"","format":"standard","meta":{"footnotes":""},"categories":[6],"tags":[],"class_list":["post-58735","post","type-post","status-publish","format-standard","has-post-thumbnail","hentry","category-noticias"],"_links":{"self":[{"href":"https:\/\/www.sincomam.org.br\/index.php\/wp-json\/wp\/v2\/posts\/58735","targetHints":{"allow":["GET"]}}],"collection":[{"href":"https:\/\/www.sincomam.org.br\/index.php\/wp-json\/wp\/v2\/posts"}],"about":[{"href":"https:\/\/www.sincomam.org.br\/index.php\/wp-json\/wp\/v2\/types\/post"}],"author":[{"embeddable":true,"href":"https:\/\/www.sincomam.org.br\/index.php\/wp-json\/wp\/v2\/users\/1527"}],"replies":[{"embeddable":true,"href":"https:\/\/www.sincomam.org.br\/index.php\/wp-json\/wp\/v2\/comments?post=58735"}],"version-history":[{"count":1,"href":"https:\/\/www.sincomam.org.br\/index.php\/wp-json\/wp\/v2\/posts\/58735\/revisions"}],"predecessor-version":[{"id":58738,"href":"https:\/\/www.sincomam.org.br\/index.php\/wp-json\/wp\/v2\/posts\/58735\/revisions\/58738"}],"wp:featuredmedia":[{"embeddable":true,"href":"https:\/\/www.sincomam.org.br\/index.php\/wp-json\/wp\/v2\/media\/58737"}],"wp:attachment":[{"href":"https:\/\/www.sincomam.org.br\/index.php\/wp-json\/wp\/v2\/media?parent=58735"}],"wp:term":[{"taxonomy":"category","embeddable":true,"href":"https:\/\/www.sincomam.org.br\/index.php\/wp-json\/wp\/v2\/categories?post=58735"},{"taxonomy":"post_tag","embeddable":true,"href":"https:\/\/www.sincomam.org.br\/index.php\/wp-json\/wp\/v2\/tags?post=58735"}],"curies":[{"name":"wp","href":"https:\/\/api.w.org\/{rel}","templated":true}]}}