{"id":58731,"date":"2025-04-30T11:00:21","date_gmt":"2025-04-30T14:00:21","guid":{"rendered":"https:\/\/www.sincomam.org.br\/?p=58731"},"modified":"2025-04-30T11:00:21","modified_gmt":"2025-04-30T14:00:21","slug":"receita-paga-nesta-quarta-feira-lote-da-malha-fina-do-ir","status":"publish","type":"post","link":"https:\/\/www.sincomam.org.br\/index.php\/receita-paga-nesta-quarta-feira-lote-da-malha-fina-do-ir\/","title":{"rendered":"Receita paga nesta quarta-feira lote da malha fina do IR"},"content":{"rendered":"<p>Cerca de 280 mil contribuintes que ca\u00edram na malha fina e regularizaram as pend\u00eancias com o Fisco acertar\u00e3o as contas com o Le\u00e3o nesta quarta-feira (30).\u00a0A Receita Federal pagar\u00e1 o lote da malha fina de abril.\u00a0O pagamento tamb\u00e9m contempla restitui\u00e7\u00f5es residuais de anos anteriores.<img decoding=\"async\" src=\"https:\/\/agenciabrasil.ebc.com.br\/ebc.png?id=1640625&amp;o=node\" \/><img decoding=\"async\" src=\"https:\/\/agenciabrasil.ebc.com.br\/ebc.gif?id=1640625&amp;o=node\" \/><\/p>\n<p>Ao todo, 279.500 contribuintes receber\u00e3o R$ 339,63 milh\u00f5es. Desse total, R$ 180,27 milh\u00f5es ir\u00e3o para contribuintes com prioridade no reembolso.<\/p>\n<p>Em rela\u00e7\u00e3o \u00e0 lista de prioridades, a maior parte, 204.798 contribuintes, informou a chave Pix do tipo Cadastro de Pessoas F\u00edsicas (CPF) na declara\u00e7\u00e3o do Imposto de Renda ou usou a declara\u00e7\u00e3o pr\u00e9-preenchida. Desde 2023, a informa\u00e7\u00e3o da chave Pix d\u00e1 prioridade no recebimento.<\/p>\n<p>Em segundo, h\u00e1 25.283 contribuintes entre 60 e 79 anos de idade. Em terceiro, v\u00eam 9.502 contribuintes cuja maior fonte de renda seja o magist\u00e9rio. O restante dos contribuintes priorit\u00e1rios s\u00e3o 4.284 idosos acima de 80 anos e 3.820 contribuintes com alguma defici\u00eancia f\u00edsica ou mental ou mol\u00e9stia grave.<\/p>\n<p><strong>A lista \u00e9 conclu\u00edda com 31.813 contribuintes que n\u00e3o informaram a chave Pix e n\u00e3o se encaixam em nenhuma das categorias de prioridades legais.<\/strong><\/p>\n<p>Aberta desde o dia 23, a consulta pode ser feita na\u00a0<a href=\"http:\/\/https\/\/www.gov.br\/receitafederal\/pt-br\" target=\"_blank\" rel=\"noopener\">p\u00e1gina da Receita Federal na internet<\/a>. Basta o contribuinte clicar em Meu Imposto de Renda e, em seguida, no bot\u00e3o Consultar a Restitui\u00e7\u00e3o.\u00a0Tamb\u00e9m \u00e9 poss\u00edvel fazer a consulta no aplicativo da Receita Federal para tablets e smartphones.<\/p>\n<p><strong>O pagamento ser\u00e1 feito na conta ou na chave Pix do tipo CPF informada na declara\u00e7\u00e3o do Imposto de Renda.<\/strong>\u00a0Caso o contribuinte n\u00e3o esteja na lista, dever\u00e1 entrar no\u00a0<a href=\"https:\/\/cav.receita.fazenda.gov.br\/\" target=\"_blank\" rel=\"noopener\">Centro Virtual de Atendimento ao Contribuinte (e-CAC)<\/a>\u00a0e tirar o extrato da declara\u00e7\u00e3o. Se verificar uma pend\u00eancia, pode enviar uma declara\u00e7\u00e3o retificadora e esperar os pr\u00f3ximos lotes da malha fina.<\/p>\n<p>Se, por algum motivo, a restitui\u00e7\u00e3o n\u00e3o for depositada na conta informada na declara\u00e7\u00e3o, como no caso de conta desativada, os valores ficar\u00e3o dispon\u00edveis para resgate por at\u00e9 1 ano no Banco do Brasil. Nesse caso, o cidad\u00e3o poder\u00e1 agendar o cr\u00e9dito em qualquer conta banc\u00e1ria em seu nome, por meio do\u00a0<a href=\"https:\/\/www.bb.com.br\/irpf\" target=\"_blank\" rel=\"noopener\">Portal BB<\/a>\u00a0ou ligar para a Central de Relacionamento do banco, nos telefones 4004-0001 (capitais), 0800-729-0001 (demais localidades) e 0800-729-0088 (telefone especial exclusivo para deficientes auditivos).<\/p>\n<p><strong>Caso o contribuinte n\u00e3o resgate o valor de sua restitui\u00e7\u00e3o depois de 1 ano, dever\u00e1 requerer o valor no Portal e-CAC.<\/strong>\u00a0Ao entrar na p\u00e1gina, o cidad\u00e3o deve acessar o menu Declara\u00e7\u00f5es e Demonstrativos, clicar em Meu Imposto de Renda e, em seguida, no campo Solicitar restitui\u00e7\u00e3o n\u00e3o resgatada na rede banc\u00e1ria.<\/p>\n<p>Fonte: Ag\u00eancia Brasil<\/p>\n","protected":false},"excerpt":{"rendered":"<p>Cerca de 280 mil contribuintes que ca\u00edram na malha fina e regularizaram as pend\u00eancias com o Fisco acertar\u00e3o as contas com o Le\u00e3o nesta quarta-feira&#8230;<\/p>\n","protected":false},"author":1527,"featured_media":58733,"comment_status":"closed","ping_status":"closed","sticky":false,"template":"","format":"standard","meta":{"footnotes":""},"categories":[6],"tags":[],"class_list":["post-58731","post","type-post","status-publish","format-standard","has-post-thumbnail","hentry","category-noticias"],"_links":{"self":[{"href":"https:\/\/www.sincomam.org.br\/index.php\/wp-json\/wp\/v2\/posts\/58731","targetHints":{"allow":["GET"]}}],"collection":[{"href":"https:\/\/www.sincomam.org.br\/index.php\/wp-json\/wp\/v2\/posts"}],"about":[{"href":"https:\/\/www.sincomam.org.br\/index.php\/wp-json\/wp\/v2\/types\/post"}],"author":[{"embeddable":true,"href":"https:\/\/www.sincomam.org.br\/index.php\/wp-json\/wp\/v2\/users\/1527"}],"replies":[{"embeddable":true,"href":"https:\/\/www.sincomam.org.br\/index.php\/wp-json\/wp\/v2\/comments?post=58731"}],"version-history":[{"count":1,"href":"https:\/\/www.sincomam.org.br\/index.php\/wp-json\/wp\/v2\/posts\/58731\/revisions"}],"predecessor-version":[{"id":58734,"href":"https:\/\/www.sincomam.org.br\/index.php\/wp-json\/wp\/v2\/posts\/58731\/revisions\/58734"}],"wp:featuredmedia":[{"embeddable":true,"href":"https:\/\/www.sincomam.org.br\/index.php\/wp-json\/wp\/v2\/media\/58733"}],"wp:attachment":[{"href":"https:\/\/www.sincomam.org.br\/index.php\/wp-json\/wp\/v2\/media?parent=58731"}],"wp:term":[{"taxonomy":"category","embeddable":true,"href":"https:\/\/www.sincomam.org.br\/index.php\/wp-json\/wp\/v2\/categories?post=58731"},{"taxonomy":"post_tag","embeddable":true,"href":"https:\/\/www.sincomam.org.br\/index.php\/wp-json\/wp\/v2\/tags?post=58731"}],"curies":[{"name":"wp","href":"https:\/\/api.w.org\/{rel}","templated":true}]}}