{"id":58714,"date":"2025-04-30T10:33:36","date_gmt":"2025-04-30T13:33:36","guid":{"rendered":"https:\/\/www.sincomam.org.br\/?p=58714"},"modified":"2025-04-30T10:33:36","modified_gmt":"2025-04-30T13:33:36","slug":"portosrio-firma-parceria-com-portos-portugueses-para-promover-inovacao-e-sustentabilidade","status":"publish","type":"post","link":"https:\/\/www.sincomam.org.br\/index.php\/portosrio-firma-parceria-com-portos-portugueses-para-promover-inovacao-e-sustentabilidade\/","title":{"rendered":"PortosRio firma parceria com portos portugueses para promover inova\u00e7\u00e3o e sustentabilidade"},"content":{"rendered":"<p class=\"\" data-start=\"254\" data-end=\"834\">A PortosRio assinou, na \u00faltima semana, em S\u00e3o Paulo (SP), um protocolo de inten\u00e7\u00f5es com a Administra\u00e7\u00e3o do Porto de Lisboa (APL) e a Administra\u00e7\u00e3o dos Portos de Set\u00fabal e Sesimbra (APSS) para fortalecer a coopera\u00e7\u00e3o t\u00e9cnica, cient\u00edfica e comercial entre as autoridades portu\u00e1rias, com foco em inova\u00e7\u00e3o, transi\u00e7\u00e3o energ\u00e9tica e desenvolvimento sustent\u00e1vel.<\/p>\n<p class=\"\" data-start=\"254\" data-end=\"834\">O acordo prev\u00ea o interc\u00e2mbio de informa\u00e7\u00f5es, melhores pr\u00e1ticas em gest\u00e3o portu\u00e1ria, log\u00edstica, tecnologias verdes e capacita\u00e7\u00e3o de recursos humanos, al\u00e9m do desenvolvimento conjunto de projetos e participa\u00e7\u00e3o em eventos do setor.<\/p>\n<p class=\"\" data-start=\"254\" data-end=\"834\">Na \u00faltima segunda-feira (28), o Porto do Rio de Janeiro recebeu a delega\u00e7\u00e3o portuguesa para visitas t\u00e9cnicas e apresenta\u00e7\u00e3o dos projetos de inova\u00e7\u00e3o, infraestrutura e sustentabilidade dos portos p\u00fablicos do estado do Rio de Janeiro. A agenda incluiu o Centro de Comando e Controle de Seguran\u00e7a Portu\u00e1ria e o terminal MultiRio, com foco na troca de experi\u00eancias e no alinhamento de futuras iniciativas entre as autoridades dos dois pa\u00edses.<\/p>\n<p data-start=\"254\" data-end=\"834\">Fonte: Portos e Navios<\/p>\n","protected":false},"excerpt":{"rendered":"<p>A PortosRio assinou, na \u00faltima semana, em S\u00e3o Paulo (SP), um protocolo de inten\u00e7\u00f5es com a Administra\u00e7\u00e3o do Porto de Lisboa (APL) e a Administra\u00e7\u00e3o&#8230;<\/p>\n","protected":false},"author":1527,"featured_media":58716,"comment_status":"closed","ping_status":"closed","sticky":false,"template":"","format":"standard","meta":{"footnotes":""},"categories":[6],"tags":[],"class_list":["post-58714","post","type-post","status-publish","format-standard","has-post-thumbnail","hentry","category-noticias"],"_links":{"self":[{"href":"https:\/\/www.sincomam.org.br\/index.php\/wp-json\/wp\/v2\/posts\/58714","targetHints":{"allow":["GET"]}}],"collection":[{"href":"https:\/\/www.sincomam.org.br\/index.php\/wp-json\/wp\/v2\/posts"}],"about":[{"href":"https:\/\/www.sincomam.org.br\/index.php\/wp-json\/wp\/v2\/types\/post"}],"author":[{"embeddable":true,"href":"https:\/\/www.sincomam.org.br\/index.php\/wp-json\/wp\/v2\/users\/1527"}],"replies":[{"embeddable":true,"href":"https:\/\/www.sincomam.org.br\/index.php\/wp-json\/wp\/v2\/comments?post=58714"}],"version-history":[{"count":1,"href":"https:\/\/www.sincomam.org.br\/index.php\/wp-json\/wp\/v2\/posts\/58714\/revisions"}],"predecessor-version":[{"id":58717,"href":"https:\/\/www.sincomam.org.br\/index.php\/wp-json\/wp\/v2\/posts\/58714\/revisions\/58717"}],"wp:featuredmedia":[{"embeddable":true,"href":"https:\/\/www.sincomam.org.br\/index.php\/wp-json\/wp\/v2\/media\/58716"}],"wp:attachment":[{"href":"https:\/\/www.sincomam.org.br\/index.php\/wp-json\/wp\/v2\/media?parent=58714"}],"wp:term":[{"taxonomy":"category","embeddable":true,"href":"https:\/\/www.sincomam.org.br\/index.php\/wp-json\/wp\/v2\/categories?post=58714"},{"taxonomy":"post_tag","embeddable":true,"href":"https:\/\/www.sincomam.org.br\/index.php\/wp-json\/wp\/v2\/tags?post=58714"}],"curies":[{"name":"wp","href":"https:\/\/api.w.org\/{rel}","templated":true}]}}