{"id":58673,"date":"2025-04-28T11:58:13","date_gmt":"2025-04-28T14:58:13","guid":{"rendered":"https:\/\/www.sincomam.org.br\/?p=58673"},"modified":"2025-04-28T11:58:36","modified_gmt":"2025-04-28T14:58:36","slug":"trabalhador-pode-trocar-dividas-mais-caras-por-consignado-para-clt","status":"publish","type":"post","link":"https:\/\/www.sincomam.org.br\/index.php\/trabalhador-pode-trocar-dividas-mais-caras-por-consignado-para-clt\/","title":{"rendered":"Trabalhador pode trocar d\u00edvidas mais caras por consignado para CLT"},"content":{"rendered":"<p>Os trabalhadores com empr\u00e9stimo consignado ou cr\u00e9dito direto ao consumidor (CDC) j\u00e1 podem migrar essas d\u00edvidas para o Cr\u00e9dito do Trabalhador, que fornece o recurso a trabalhadores com carteira assinada com juros mais baixos. As 70 institui\u00e7\u00f5es financeiras habilitadas no programa j\u00e1 est\u00e3o autorizadas a oferecer a troca diretamente em seus aplicativos e <em>sites<\/em>.<img decoding=\"async\" src=\"https:\/\/agenciabrasil.ebc.com.br\/ebc.png?id=1640302&amp;o=node\" \/><img decoding=\"async\" src=\"https:\/\/agenciabrasil.ebc.com.br\/ebc.gif?id=1640302&amp;o=node\" \/><\/p>\n<p>Segundo o Minist\u00e9rio do Trabalho e Emprego, a migra\u00e7\u00e3o ainda n\u00e3o est\u00e1 dispon\u00edvel na Carteira de Trabalho Digital. Nessa etapa, a portabilidade do cr\u00e9dito s\u00f3 pode ser feita no mesmo banco onde o empr\u00e9stimo foi contratado.<\/p>\n<p>A troca s\u00f3 \u00e9 vantajosa nos casos em que o consignado para CLT, lan\u00e7ado h\u00e1 um m\u00eas, tenha juros mais baixos que as linhas de cr\u00e9dito contratadas pelo trabalhador. Em m\u00e9dia, o CDC tem juros em torno de 7% a 8% ao m\u00eas. No programa Cr\u00e9dito do Trabalhador, as taxas est\u00e3o um pouco acima de 3% ao m\u00eas, com alguns bancos cobrando 1,6% ao m\u00eas.<\/p>\n<p>Segundo a medida provis\u00f3ria que lan\u00e7ou o Programa Cr\u00e9dito do Trabalhador, a redu\u00e7\u00e3o dos juros na troca de d\u00edvida \u00e9 obrigat\u00f3ria. Para fazer o procedimento, o trabalhador contrata um empr\u00e9stimo consignado pelo Cr\u00e9dito do Trabalhador e quita a d\u00edvida anterior. Caso tenha margem consign\u00e1vel, pode pedir um novo cr\u00e9dito.<\/p>\n<p>A obrigatoriedade da redu\u00e7\u00e3o das taxas de juros para a troca de d\u00edvidas vale por 120 dias, at\u00e9 21 de julho, conforme a medida provis\u00f3ria. Al\u00e9m disso, o banco pode oferecer diretamente aos seus clientes a op\u00e7\u00e3o de migrar para o Cr\u00e9dito do Trabalhador com as taxas reduzidas. Se o trabalhador n\u00e3o achar as condi\u00e7\u00f5es vantajosas, ele pode optar pela portabilidade para outra institui\u00e7\u00e3o financeira.<\/p>\n<h2>Pr\u00f3ximas etapas<\/h2>\n<p>Para o in\u00edcio de maio, est\u00e1 prevista a portabilidade entre bancos diferentes.\u00a0Com a medida, o trabalhador pode transferir o CDC ou o empr\u00e9stimo consignado para outra institui\u00e7\u00e3o financeira que ofere\u00e7a juros mais vantajosos.<\/p>\n<p>A troca de d\u00edvidas e a concess\u00e3o de novos empr\u00e9stimos ser\u00e3o geridas pela Dataprev. O Minist\u00e9rio do Trabalho e Emprego monitora diariamente as taxas de juros e o perfil dos tomadores de cr\u00e9dito.<\/p>\n<p>A portabilidade autom\u00e1tica de d\u00edvidas vale apenas para CDC ou empr\u00e9stimos consignados tradicionais.\u00a0No entanto, o trabalhador tamb\u00e9m pode contratar a linha do Programa Cr\u00e9dito do Trabalhador para quitar d\u00e9bitos no cheque especial ou no cart\u00e3o de cr\u00e9dito. Nesses casos, ser\u00e1 necess\u00e1rio primeiramente renegociar a d\u00edvida antes de contratar o empr\u00e9stimo para quit\u00e1-la.<\/p>\n<h2>Estat\u00edstica<\/h2>\n<p>At\u00e9 as 17h de quinta-feira (24), informou o Minist\u00e9rio do Trabalho, foram liberados R$ 8,2 bilh\u00f5es em empr\u00e9stimos no Programa Cr\u00e9dito do Trabalhador. Ao todo, foram firmados 1.510.542 contratos, beneficiando 1.478.711 trabalhadores.<\/p>\n<p>O valor m\u00e9dio por contrato corresponde a R$ 5.491,66, com m\u00e9dia de 16 parcelas e presta\u00e7\u00e3o m\u00e9dia de R$ 335,51. S\u00e3o Paulo, Rio de Janeiro, Minas Gerais, Rio Grande do Sul e Paran\u00e1 s\u00e3o os estados com maior volume de concess\u00f5es pelo novo programa.<\/p>\n<p>Fonte: Ag\u00eancia Brasil<\/p>\n","protected":false},"excerpt":{"rendered":"<p>Os trabalhadores com empr\u00e9stimo consignado ou cr\u00e9dito direto ao consumidor (CDC) j\u00e1 podem migrar essas d\u00edvidas para o Cr\u00e9dito do Trabalhador, que fornece o recurso&#8230;<\/p>\n","protected":false},"author":1527,"featured_media":58675,"comment_status":"closed","ping_status":"closed","sticky":false,"template":"","format":"standard","meta":{"footnotes":""},"categories":[6],"tags":[],"class_list":["post-58673","post","type-post","status-publish","format-standard","has-post-thumbnail","hentry","category-noticias"],"_links":{"self":[{"href":"https:\/\/www.sincomam.org.br\/index.php\/wp-json\/wp\/v2\/posts\/58673","targetHints":{"allow":["GET"]}}],"collection":[{"href":"https:\/\/www.sincomam.org.br\/index.php\/wp-json\/wp\/v2\/posts"}],"about":[{"href":"https:\/\/www.sincomam.org.br\/index.php\/wp-json\/wp\/v2\/types\/post"}],"author":[{"embeddable":true,"href":"https:\/\/www.sincomam.org.br\/index.php\/wp-json\/wp\/v2\/users\/1527"}],"replies":[{"embeddable":true,"href":"https:\/\/www.sincomam.org.br\/index.php\/wp-json\/wp\/v2\/comments?post=58673"}],"version-history":[{"count":2,"href":"https:\/\/www.sincomam.org.br\/index.php\/wp-json\/wp\/v2\/posts\/58673\/revisions"}],"predecessor-version":[{"id":58677,"href":"https:\/\/www.sincomam.org.br\/index.php\/wp-json\/wp\/v2\/posts\/58673\/revisions\/58677"}],"wp:featuredmedia":[{"embeddable":true,"href":"https:\/\/www.sincomam.org.br\/index.php\/wp-json\/wp\/v2\/media\/58675"}],"wp:attachment":[{"href":"https:\/\/www.sincomam.org.br\/index.php\/wp-json\/wp\/v2\/media?parent=58673"}],"wp:term":[{"taxonomy":"category","embeddable":true,"href":"https:\/\/www.sincomam.org.br\/index.php\/wp-json\/wp\/v2\/categories?post=58673"},{"taxonomy":"post_tag","embeddable":true,"href":"https:\/\/www.sincomam.org.br\/index.php\/wp-json\/wp\/v2\/tags?post=58673"}],"curies":[{"name":"wp","href":"https:\/\/api.w.org\/{rel}","templated":true}]}}