{"id":5867,"date":"2014-06-05T08:10:17","date_gmt":"2014-06-05T11:10:17","guid":{"rendered":"http:\/\/www.sincomam.org.br\/?p=5867"},"modified":"2014-06-04T22:13:56","modified_gmt":"2014-06-05T01:13:56","slug":"luschi-adquire-nova-draga-autotransportadora","status":"publish","type":"post","link":"https:\/\/www.sincomam.org.br\/index.php\/luschi-adquire-nova-draga-autotransportadora\/","title":{"rendered":"Luschi adquire nova draga autotransportadora"},"content":{"rendered":"<p>O grupo Luschi anunciou a aquisi\u00e7\u00e3o de uma draga hopper autotransportadora de 1,33 mil metros c\u00fabicos. O equipamento, batizado de &#8220;Recreio dos Bandeirantes&#8221;, passa a se chamar \u201cLuschi X\u201d ap\u00f3s oficializa\u00e7\u00e3o de compra entre a empresa e o BIC Banco.<\/p>\n<p>O navio possui 77,5 metros de comprimento, largura de 13 metros e profundidade de dragagem de at\u00e9 22 metros. Al\u00e9m disso, \u00e9 equipado com hidrojato nas bocas de dragagem, hidrojato nas portas das cisternas, possui sistema de carga de batel\u00f5es e \u201cbow thruster\u201d.<\/p>\n<p>\u201cPara atender a demanda cada vez mais crescente no ramo de dragagem, investimos em equipamentos de ponta com alta tecnologia capazes de realizar dragagens com baixo custo de manuten\u00e7\u00e3o e n\u00edvel superior de produtividade\u201d ressalta Roberto Britto, diretor de log\u00edstica da Luschi.<\/p>\n<p>Ap\u00f3s realizar as revis\u00f5es t\u00e9cnicas e adequa\u00e7\u00f5es mec\u00e2nicas no equipamento, a draga estar\u00e1 pronta para iniciar suas opera\u00e7\u00f5es em agosto, operando no Brasil e na Am\u00e9rica do Sul.<\/p>\n<p>Recentemente, o grupo adquiriu uma draga &#8220;hopper&#8221; de dois mil metros c\u00fabicos, a \u201cLuschi IX\u201d, que atualmente opera na segunda fase da dragagem do estaleiro Rio Grande, no sul do pa\u00eds. \u201cAo adquirir equipamentos desta envergadura, a Luschi atingiu um mercado potencial do ponto de vista de capacidade de dragagem. Tal feito projeta a empresa a almejar mercados fora do Brasil\u201d, afirma Britto.<\/p>\n<p>Fonte: Portos e Navios<\/p>\n","protected":false},"excerpt":{"rendered":"<p>O grupo Luschi anunciou a aquisi\u00e7\u00e3o de uma draga hopper autotransportadora de 1,33 mil metros c\u00fabicos. O equipamento, batizado de &#8220;Recreio dos Bandeirantes&#8221;, passa a&#8230;<\/p>\n","protected":false},"author":1182,"featured_media":5868,"comment_status":"closed","ping_status":"closed","sticky":false,"template":"","format":"standard","meta":{"footnotes":""},"categories":[6],"tags":[375,2747,1355,47,80],"class_list":["post-5867","post","type-post","status-publish","format-standard","has-post-thumbnail","hentry","category-noticias","tag-compra","tag-dragagem","tag-luschi","tag-navio","tag-porto"],"_links":{"self":[{"href":"https:\/\/www.sincomam.org.br\/index.php\/wp-json\/wp\/v2\/posts\/5867","targetHints":{"allow":["GET"]}}],"collection":[{"href":"https:\/\/www.sincomam.org.br\/index.php\/wp-json\/wp\/v2\/posts"}],"about":[{"href":"https:\/\/www.sincomam.org.br\/index.php\/wp-json\/wp\/v2\/types\/post"}],"author":[{"embeddable":true,"href":"https:\/\/www.sincomam.org.br\/index.php\/wp-json\/wp\/v2\/users\/1182"}],"replies":[{"embeddable":true,"href":"https:\/\/www.sincomam.org.br\/index.php\/wp-json\/wp\/v2\/comments?post=5867"}],"version-history":[{"count":1,"href":"https:\/\/www.sincomam.org.br\/index.php\/wp-json\/wp\/v2\/posts\/5867\/revisions"}],"predecessor-version":[{"id":5869,"href":"https:\/\/www.sincomam.org.br\/index.php\/wp-json\/wp\/v2\/posts\/5867\/revisions\/5869"}],"wp:featuredmedia":[{"embeddable":true,"href":"https:\/\/www.sincomam.org.br\/index.php\/wp-json\/wp\/v2\/media\/5868"}],"wp:attachment":[{"href":"https:\/\/www.sincomam.org.br\/index.php\/wp-json\/wp\/v2\/media?parent=5867"}],"wp:term":[{"taxonomy":"category","embeddable":true,"href":"https:\/\/www.sincomam.org.br\/index.php\/wp-json\/wp\/v2\/categories?post=5867"},{"taxonomy":"post_tag","embeddable":true,"href":"https:\/\/www.sincomam.org.br\/index.php\/wp-json\/wp\/v2\/tags?post=5867"}],"curies":[{"name":"wp","href":"https:\/\/api.w.org\/{rel}","templated":true}]}}