{"id":58669,"date":"2025-04-28T11:55:32","date_gmt":"2025-04-28T14:55:32","guid":{"rendered":"https:\/\/www.sincomam.org.br\/?p=58669"},"modified":"2025-04-28T11:55:32","modified_gmt":"2025-04-28T14:55:32","slug":"brasil-atlantico-e-africa-o-elo-estrategico-que-redefine-o-papel-do-nordeste-na-geopolitica-naval","status":"publish","type":"post","link":"https:\/\/www.sincomam.org.br\/index.php\/brasil-atlantico-e-africa-o-elo-estrategico-que-redefine-o-papel-do-nordeste-na-geopolitica-naval\/","title":{"rendered":"Brasil, Atl\u00e2ntico e \u00c1frica: o elo estrat\u00e9gico que redefine o papel do Nordeste na geopol\u00edtica naval"},"content":{"rendered":"<p class=\"\" data-start=\"386\" data-end=\"699\">O Nordeste brasileiro sempre teve sua import\u00e2ncia reconhecida no campo hist\u00f3rico, cultural e econ\u00f4mico. No entanto, \u00e9 no campo\u00a0geopol\u00edtico e estrat\u00e9gico mar\u00edtimo\u00a0que a regi\u00e3o vem ganhando protagonismo silencioso \u2014 mas fundamental \u2014 para o futuro da soberania nacional e da presen\u00e7a do Brasil no Atl\u00e2ntico Sul.<\/p>\n<p class=\"\" data-start=\"701\" data-end=\"976\">Situado no ponto mais oriental da Am\u00e9rica do Sul, o\u00a0Saliente Nordestino\u00a0projeta o territ\u00f3rio brasileiro diretamente em dire\u00e7\u00e3o \u00e0 costa ocidental da \u00c1frica, tornando o Nordeste n\u00e3o apenas uma regi\u00e3o brasileira, mas um verdadeiro\u00a0trampolim geopol\u00edtico intercontinental.<\/p>\n<h3 class=\"\" data-start=\"983\" data-end=\"1030\">Uma ponte natural sobre o Atl\u00e2ntico Sul<\/h3>\n<p class=\"\" data-start=\"1032\" data-end=\"1339\">A dist\u00e2ncia entre o Recife e Dacar (Senegal) \u00e9 de apenas 2.900 quil\u00f4metros \u2014 mais pr\u00f3xima do que S\u00e3o Paulo est\u00e1 de Porto Velho. Esse dado geogr\u00e1fico, por si s\u00f3, j\u00e1 explicaria por que o Nordeste \u00e9 uma plataforma natural para\u00a0opera\u00e7\u00f5es militares, humanit\u00e1rias e diplom\u00e1ticas no eixo Am\u00e9rica do Sul\u2013\u00c1frica.<\/p>\n<p class=\"\" data-start=\"1341\" data-end=\"1696\">Portos como os de\u00a0Natal, Recife, Salvador e Fortaleza\u00a0t\u00eam sido utilizados em diversas opera\u00e7\u00f5es da Marinha do\u00a0Brasil\u00a0que visam refor\u00e7ar a presen\u00e7a brasileira em \u00e1guas internacionais. Um exemplo recente foi a\u00a0Opera\u00e7\u00e3o GUINEX V, realizada com pa\u00edses africanos de l\u00edngua portuguesa, que partiu diretamente de portos nordestinos para a costa africana.<\/p>\n<h3 class=\"\" data-start=\"1703\" data-end=\"1773\"><strong data-start=\"1707\" data-end=\"1773\">Nordeste e Amaz\u00f4nia Azul: a frente avan\u00e7ada da defesa mar\u00edtima<\/strong><\/h3>\n<p class=\"\" data-start=\"1775\" data-end=\"2089\">O Saliente Nordestino tamb\u00e9m \u00e9 pe\u00e7a-chave na\u00a0defesa da\u00a0Amaz\u00f4nia Azul, pois permite a proje\u00e7\u00e3o do poder naval a partir de bases terrestres pr\u00f3ximas das zonas de maior interesse estrat\u00e9gico \u2014 como as bacias petrol\u00edferas do pr\u00e9-sal, as rotas comerciais atl\u00e2nticas e as \u00e1reas sob constante monitoramento ambiental.<\/p>\n<p class=\"\" data-start=\"2091\" data-end=\"2489\">A presen\u00e7a de\u00a0instala\u00e7\u00f5es militares no Nordeste, como o 3\u00ba Distrito Naval (com sede em Natal) e diversas Organiza\u00e7\u00f5es Militares subordinadas em Alagoas, Para\u00edba, Bahia e Cear\u00e1, reflete a prioridade que a\u00a0Marinha do Brasil\u00a0vem dando \u00e0 regi\u00e3o. Esses distritos n\u00e3o apenas garantem a seguran\u00e7a das \u00e1guas territoriais como tamb\u00e9m operam como\u00a0postos avan\u00e7ados de prontid\u00e3o para a\u00e7\u00f5es no exterior.<\/p>\n<h3 class=\"\" data-start=\"2496\" data-end=\"2546\"><strong data-start=\"2500\" data-end=\"2546\">Conex\u00f5es diplom\u00e1ticas e coopera\u00e7\u00e3o Sul-Sul<\/strong><\/h3>\n<p class=\"\" data-start=\"2548\" data-end=\"2922\">O Atl\u00e2ntico Sul tem sido cada vez mais interpretado como um\u00a0\u201cmar de coopera\u00e7\u00e3o\u201d entre Am\u00e9rica do Sul e \u00c1frica, sobretudo com pa\u00edses africanos lus\u00f3fonos como Angola, Mo\u00e7ambique, Guin\u00e9-Bissau, S\u00e3o Tom\u00e9 e Pr\u00edncipe e Cabo Verde. O Brasil, por meio da Marinha, tem investido em\u00a0capacita\u00e7\u00e3o de oficiais estrangeiros, miss\u00f5es navais conjuntas e interc\u00e2mbio t\u00e9cnico-militar.<\/p>\n<p class=\"\" data-start=\"2924\" data-end=\"3254\">Essas rela\u00e7\u00f5es refor\u00e7am n\u00e3o apenas o prest\u00edgio internacional das For\u00e7as Armadas brasileiras, mas tamb\u00e9m\u00a0abrem espa\u00e7o para acordos comerciais, parcerias energ\u00e9ticas e projetos de integra\u00e7\u00e3o mar\u00edtima\u00a0\u2014 e o Nordeste, por sua posi\u00e7\u00e3o geogr\u00e1fica privilegiada, se torna o\u00a0portal natural para essa interlocu\u00e7\u00e3o entre continentes.<\/p>\n<h3 class=\"\" data-start=\"3261\" data-end=\"3312\"><strong data-start=\"3265\" data-end=\"3312\">Potencial log\u00edstico, portu\u00e1rio e industrial<\/strong><\/h3>\n<p class=\"\" data-start=\"3314\" data-end=\"3693\">Al\u00e9m do vi\u00e9s militar e diplom\u00e1tico, o Nordeste tem condi\u00e7\u00f5es de se tornar\u00a0um hub log\u00edstico da economia do mar. Projetos como o porto de \u00e1guas profundas em Suape (PE), o desenvolvimento da Base Naval de Aratu (BA), e a poss\u00edvel expans\u00e3o da ind\u00fastria naval em \u00e1reas como Salvador e Fortaleza podem consolidar a regi\u00e3o como\u00a0um eixo estrat\u00e9gico da cadeia log\u00edstica atl\u00e2ntica.<\/p>\n<p class=\"\" data-start=\"3695\" data-end=\"3920\">Nesse contexto, a retomada de investimentos na\u00a0Base Industrial de Defesa\u00a0e na\u00a0ind\u00fastria naval nacional, com foco no Nordeste, pode gerar empregos, desenvolvimento tecnol\u00f3gico e maior autonomia estrat\u00e9gica para o pa\u00eds.<\/p>\n<h3 class=\"\" data-start=\"3927\" data-end=\"3987\"><strong data-start=\"3931\" data-end=\"3987\">Conclus\u00e3o: um novo olhar sobre o Nordeste brasileiro<\/strong><\/h3>\n<p class=\"\" data-start=\"3989\" data-end=\"4375\">Mais do que um polo tur\u00edstico ou uma fronteira agr\u00edcola em expans\u00e3o, o Nordeste precisa ser compreendido como\u00a0uma \u00e2ncora\u00a0geopol\u00edtica\u00a0do Brasil no Atl\u00e2ntico Sul. Sua posi\u00e7\u00e3o estrat\u00e9gica, aliada ao fortalecimento da Marinha do Brasil e \u00e0s conex\u00f5es diplom\u00e1ticas com a \u00c1frica, coloca a regi\u00e3o no centro das decis\u00f5es sobre defesa, com\u00e9rcio, seguran\u00e7a energ\u00e9tica e proje\u00e7\u00e3o internacional.<\/p>\n<p class=\"\" data-start=\"4377\" data-end=\"4558\">Valorizar o Nordeste nesse novo tabuleiro geopol\u00edtico \u00e9 reconhecer que\u00a0a soberania brasileira come\u00e7a onde o mapa aponta para o leste \u2014 e avan\u00e7a com os olhos voltados para o mar.<\/p>\n<p data-start=\"4377\" data-end=\"4558\">Fonte: Defesa em Foco<\/p>\n","protected":false},"excerpt":{"rendered":"<p>O Nordeste brasileiro sempre teve sua import\u00e2ncia reconhecida no campo hist\u00f3rico, cultural e econ\u00f4mico. No entanto, \u00e9 no campo\u00a0geopol\u00edtico e estrat\u00e9gico mar\u00edtimo\u00a0que a regi\u00e3o vem&#8230;<\/p>\n","protected":false},"author":1527,"featured_media":58671,"comment_status":"closed","ping_status":"closed","sticky":false,"template":"","format":"standard","meta":{"footnotes":""},"categories":[6],"tags":[],"class_list":["post-58669","post","type-post","status-publish","format-standard","has-post-thumbnail","hentry","category-noticias"],"_links":{"self":[{"href":"https:\/\/www.sincomam.org.br\/index.php\/wp-json\/wp\/v2\/posts\/58669","targetHints":{"allow":["GET"]}}],"collection":[{"href":"https:\/\/www.sincomam.org.br\/index.php\/wp-json\/wp\/v2\/posts"}],"about":[{"href":"https:\/\/www.sincomam.org.br\/index.php\/wp-json\/wp\/v2\/types\/post"}],"author":[{"embeddable":true,"href":"https:\/\/www.sincomam.org.br\/index.php\/wp-json\/wp\/v2\/users\/1527"}],"replies":[{"embeddable":true,"href":"https:\/\/www.sincomam.org.br\/index.php\/wp-json\/wp\/v2\/comments?post=58669"}],"version-history":[{"count":1,"href":"https:\/\/www.sincomam.org.br\/index.php\/wp-json\/wp\/v2\/posts\/58669\/revisions"}],"predecessor-version":[{"id":58672,"href":"https:\/\/www.sincomam.org.br\/index.php\/wp-json\/wp\/v2\/posts\/58669\/revisions\/58672"}],"wp:featuredmedia":[{"embeddable":true,"href":"https:\/\/www.sincomam.org.br\/index.php\/wp-json\/wp\/v2\/media\/58671"}],"wp:attachment":[{"href":"https:\/\/www.sincomam.org.br\/index.php\/wp-json\/wp\/v2\/media?parent=58669"}],"wp:term":[{"taxonomy":"category","embeddable":true,"href":"https:\/\/www.sincomam.org.br\/index.php\/wp-json\/wp\/v2\/categories?post=58669"},{"taxonomy":"post_tag","embeddable":true,"href":"https:\/\/www.sincomam.org.br\/index.php\/wp-json\/wp\/v2\/tags?post=58669"}],"curies":[{"name":"wp","href":"https:\/\/api.w.org\/{rel}","templated":true}]}}