{"id":58665,"date":"2025-04-28T11:39:32","date_gmt":"2025-04-28T14:39:32","guid":{"rendered":"https:\/\/www.sincomam.org.br\/?p=58665"},"modified":"2025-04-28T11:39:32","modified_gmt":"2025-04-28T14:39:32","slug":"porto-do-rio-de-janeiro-amplia-calado-para-receber-navios-da-classe-new-panamax","status":"publish","type":"post","link":"https:\/\/www.sincomam.org.br\/index.php\/porto-do-rio-de-janeiro-amplia-calado-para-receber-navios-da-classe-new-panamax\/","title":{"rendered":"Porto do Rio de Janeiro amplia calado para receber navios da classe New Panamax"},"content":{"rendered":"<p class=\"\" data-start=\"219\" data-end=\"583\">O\u00a0Porto do Rio de Janeiro\u00a0alcan\u00e7ou um marco estrat\u00e9gico para a log\u00edstica nacional com a conclus\u00e3o das obras de\u00a0dragagem\u00a0do\u00a0Canal do TECON-RJ. A partir de agora, o terminal poder\u00e1 receber\u00a0navios da classe New Panamax, com at\u00e9\u00a0367 metros\u00a0de comprimento e\u00a015,30 metros\u00a0de calado, refor\u00e7ando a competitividade do porto no cen\u00e1rio internacional.<\/p>\n<h3 class=\"\" data-start=\"585\" data-end=\"644\">Moderniza\u00e7\u00e3o t\u00e9cnica: dragagem e seguran\u00e7a da navega\u00e7\u00e3o<\/h3>\n<p class=\"\" data-start=\"646\" data-end=\"1227\">O projeto de\u00a0dragagem, realizado pela\u00a0PortosRio\u00a0e homologado pela\u00a0Capitania dos Portos do Rio de Janeiro (CPRJ)\u00a0em 1\u00ba de abril, elevou o\u00a0calado operacional\u00a0do Canal de\u00a014,6 metros\u00a0para\u00a015,3 metros. Al\u00e9m da dragagem, a atualiza\u00e7\u00e3o da\u00a0sinaliza\u00e7\u00e3o n\u00e1utica\u00a0foi essencial para garantir a seguran\u00e7a das opera\u00e7\u00f5es com navios de grande porte. Agora, o terminal tem capacidade para receber\u00a0embarca\u00e7\u00f5es ULCV (Ultra Large Container Vessel), otimizando a efici\u00eancia das manobras e elevando o padr\u00e3o operacional aos n\u00edveis exigidos pelo com\u00e9rcio mar\u00edtimo global.<\/p>\n<h3 class=\"\" data-start=\"1229\" data-end=\"1285\">Impacto social e fortalecimento da economia regional<\/h3>\n<p class=\"\" data-start=\"1287\" data-end=\"1866\">A amplia\u00e7\u00e3o do calado representa n\u00e3o apenas avan\u00e7os t\u00e9cnicos, mas tamb\u00e9m significativos impactos econ\u00f4micos e sociais. Com a capacidade de receber navios maiores, o\u00a0Porto do Rio de Janeiro\u00a0poder\u00e1 movimentar um volume maior de cargas, aumentando sua efici\u00eancia log\u00edstica e reduzindo custos operacionais. Essa expans\u00e3o deve impulsionar a\u00a0gera\u00e7\u00e3o de empregos diretos e indiretos\u00a0nas \u00e1reas de opera\u00e7\u00e3o portu\u00e1ria, transporte, armazenagem e servi\u00e7os correlatos, dinamizando a\u00a0economia local\u00a0e promovendo o desenvolvimento das cadeias produtivas do estado do Rio de Janeiro.<\/p>\n<h3 class=\"\" data-start=\"1868\" data-end=\"1931\">Porto do Rio: novo protagonismo no com\u00e9rcio mar\u00edtimo global<\/h3>\n<p class=\"\" data-start=\"1933\" data-end=\"2500\">O fortalecimento do\u00a0Porto do Rio de Janeiro\u00a0no cen\u00e1rio internacional \u00e9 resultado direto da vis\u00e3o estrat\u00e9gica adotada pela\u00a0Autoridade Portu\u00e1ria\u00a0e pelo constante trabalho de\u00a0fiscaliza\u00e7\u00e3o e homologa\u00e7\u00e3o da CPRJ, que asseguram a qualidade e a seguran\u00e7a da infraestrutura portu\u00e1ria brasileira. Em tempos de crescente aumento nas dimens\u00f5es dos navios, preparar os terminais para as exig\u00eancias da log\u00edstica moderna \u00e9 fundamental para que o\u00a0Brasil\u00a0mantenha sua competitividade no com\u00e9rcio exterior e amplie sua inser\u00e7\u00e3o nos principais corredores mar\u00edtimos globais.<\/p>\n<p data-start=\"1933\" data-end=\"2500\">Fonte: Defesa em Foco<\/p>\n","protected":false},"excerpt":{"rendered":"<p>O\u00a0Porto do Rio de Janeiro\u00a0alcan\u00e7ou um marco estrat\u00e9gico para a log\u00edstica nacional com a conclus\u00e3o das obras de\u00a0dragagem\u00a0do\u00a0Canal do TECON-RJ. A partir de agora, o&#8230;<\/p>\n","protected":false},"author":1527,"featured_media":58667,"comment_status":"closed","ping_status":"closed","sticky":false,"template":"","format":"standard","meta":{"footnotes":""},"categories":[6],"tags":[],"class_list":["post-58665","post","type-post","status-publish","format-standard","has-post-thumbnail","hentry","category-noticias"],"_links":{"self":[{"href":"https:\/\/www.sincomam.org.br\/index.php\/wp-json\/wp\/v2\/posts\/58665","targetHints":{"allow":["GET"]}}],"collection":[{"href":"https:\/\/www.sincomam.org.br\/index.php\/wp-json\/wp\/v2\/posts"}],"about":[{"href":"https:\/\/www.sincomam.org.br\/index.php\/wp-json\/wp\/v2\/types\/post"}],"author":[{"embeddable":true,"href":"https:\/\/www.sincomam.org.br\/index.php\/wp-json\/wp\/v2\/users\/1527"}],"replies":[{"embeddable":true,"href":"https:\/\/www.sincomam.org.br\/index.php\/wp-json\/wp\/v2\/comments?post=58665"}],"version-history":[{"count":1,"href":"https:\/\/www.sincomam.org.br\/index.php\/wp-json\/wp\/v2\/posts\/58665\/revisions"}],"predecessor-version":[{"id":58668,"href":"https:\/\/www.sincomam.org.br\/index.php\/wp-json\/wp\/v2\/posts\/58665\/revisions\/58668"}],"wp:featuredmedia":[{"embeddable":true,"href":"https:\/\/www.sincomam.org.br\/index.php\/wp-json\/wp\/v2\/media\/58667"}],"wp:attachment":[{"href":"https:\/\/www.sincomam.org.br\/index.php\/wp-json\/wp\/v2\/media?parent=58665"}],"wp:term":[{"taxonomy":"category","embeddable":true,"href":"https:\/\/www.sincomam.org.br\/index.php\/wp-json\/wp\/v2\/categories?post=58665"},{"taxonomy":"post_tag","embeddable":true,"href":"https:\/\/www.sincomam.org.br\/index.php\/wp-json\/wp\/v2\/tags?post=58665"}],"curies":[{"name":"wp","href":"https:\/\/api.w.org\/{rel}","templated":true}]}}