{"id":58661,"date":"2025-04-28T11:37:23","date_gmt":"2025-04-28T14:37:23","guid":{"rendered":"https:\/\/www.sincomam.org.br\/?p=58661"},"modified":"2025-04-28T11:37:23","modified_gmt":"2025-04-28T14:37:23","slug":"marinha-promove-seminario-sobre-fundos-marinhos-recursos-sustentabilidade-e-defesa","status":"publish","type":"post","link":"https:\/\/www.sincomam.org.br\/index.php\/marinha-promove-seminario-sobre-fundos-marinhos-recursos-sustentabilidade-e-defesa\/","title":{"rendered":"Marinha promove semin\u00e1rio sobre fundos marinhos: recursos, sustentabilidade e defesa"},"content":{"rendered":"<p class=\"\" data-start=\"233\" data-end=\"780\">O Centro de Estudos Pol\u00edtico-Estrat\u00e9gicos da Marinha (CEPE-MB)\u00a0promoveu o semin\u00e1rio\u00a0\u201cFundos Marinhos: recursos, sustentabilidade e defesa\u201d, em parceria com a\u00a0Escola de Guerra Naval (EGN)\u00a0e a\u00a0Secretaria da Comiss\u00e3o Interministerial para os Recursos do Mar (SeCIRM). Reunindo especialistas, autoridades e representantes da sociedade civil, o evento refor\u00e7ou a import\u00e2ncia dos\u00a0fundos marinhos\u00a0como nova fronteira estrat\u00e9gica para o Brasil, integrando perspectivas de explora\u00e7\u00e3o sustent\u00e1vel e prote\u00e7\u00e3o nacional.<\/p>\n<h3 class=\"\" data-start=\"782\" data-end=\"852\">Explora\u00e7\u00e3o cient\u00edfica, explota\u00e7\u00e3o sustent\u00e1vel e defesa dos oceanos<\/h3>\n<p class=\"\" data-start=\"854\" data-end=\"1637\">O semin\u00e1rio foi estruturado em dois pain\u00e9is principais. O primeiro abordou a\u00a0explora\u00e7\u00e3o cient\u00edfica\u00a0dos fundos marinhos, destacando a import\u00e2ncia de ampliar o conhecimento t\u00e9cnico sobre os recursos vivos e n\u00e3o vivos presentes nas profundezas oce\u00e2nicas. J\u00e1 o segundo painel discutiu a\u00a0explota\u00e7\u00e3o sustent\u00e1vel\u00a0e os desafios relacionados \u00e0\u00a0defesa dos fundos marinhos. A preocupa\u00e7\u00e3o central dos debates foi equilibrar a busca por benef\u00edcios econ\u00f4micos \u2014 como a minera\u00e7\u00e3o de minerais cr\u00edticos \u2014 com a necessidade de garantir a\u00a0seguran\u00e7a ambiental\u00a0e proteger os interesses estrat\u00e9gicos do pa\u00eds. Como enfatizado pelo\u00a0Almirante de Esquadra Paulo Martino Zuccaro, conhecer e explorar de forma sustent\u00e1vel os fundos marinhos \u00e9 essencial para assegurar a soberania brasileira.<\/p>\n<h3 class=\"\" data-start=\"1639\" data-end=\"1693\">Recursos marinhos e desenvolvimento socioecon\u00f4mico<\/h3>\n<p class=\"\" data-start=\"1695\" data-end=\"2352\">A confer\u00eancia principal, conduzida pelo\u00a0ex-Ministro da Defesa Raul Jungmann, destacou a dimens\u00e3o estrat\u00e9gica dos\u00a0minerais cr\u00edticos\u00a0para a\u00a0transi\u00e7\u00e3o energ\u00e9tica de baixo carbono, a\u00a0seguran\u00e7a alimentar\u00a0e a\u00a0defesa nacional. Jungmann alertou para a distribui\u00e7\u00e3o assim\u00e9trica desses minerais no mundo e refor\u00e7ou a necessidade do\u00a0Brasil\u00a0se preparar para defender seus interesses no ambiente marinho. O aproveitamento sustent\u00e1vel dos recursos dos fundos oce\u00e2nicos pode impulsionar o\u00a0desenvolvimento socioecon\u00f4mico, estimular a\u00a0ind\u00fastria de minera\u00e7\u00e3o submarina\u00a0e consolidar o pa\u00eds como uma lideran\u00e7a em inova\u00e7\u00e3o azul e seguran\u00e7a ambiental.<\/p>\n<h3 class=\"\" data-start=\"2354\" data-end=\"2415\">Marinha e CEPE-MB: protagonismo na governan\u00e7a dos oceanos<\/h3>\n<p class=\"\" data-start=\"854\" data-end=\"1637\">O semin\u00e1rio foi estruturado em dois pain\u00e9is principais. O primeiro abordou a\u00a0explora\u00e7\u00e3o cient\u00edfica\u00a0dos fundos marinhos, destacando a import\u00e2ncia de ampliar o conhecimento t\u00e9cnico sobre os recursos vivos e n\u00e3o vivos presentes nas profundezas oce\u00e2nicas. J\u00e1 o segundo painel discutiu a\u00a0explota\u00e7\u00e3o sustent\u00e1vel\u00a0e os desafios relacionados \u00e0\u00a0defesa dos fundos marinhos. A preocupa\u00e7\u00e3o central dos debates foi equilibrar a busca por benef\u00edcios econ\u00f4micos \u2014 como a minera\u00e7\u00e3o de minerais cr\u00edticos \u2014 com a necessidade de garantir a\u00a0seguran\u00e7a ambiental\u00a0e proteger os interesses estrat\u00e9gicos do pa\u00eds. Como enfatizado pelo\u00a0Almirante de Esquadra Paulo Martino Zuccaro, conhecer e explorar de forma sustent\u00e1vel os fundos marinhos \u00e9 essencial para assegurar a soberania brasileira.<\/p>\n<h3 class=\"\" data-start=\"1639\" data-end=\"1693\">Recursos marinhos e desenvolvimento socioecon\u00f4mico<\/h3>\n<p class=\"\" data-start=\"1695\" data-end=\"2352\">A confer\u00eancia principal, conduzida pelo\u00a0ex-Ministro da Defesa Raul Jungmann, destacou a dimens\u00e3o estrat\u00e9gica dos\u00a0minerais cr\u00edticos\u00a0para a\u00a0transi\u00e7\u00e3o energ\u00e9tica de baixo carbono, a\u00a0seguran\u00e7a alimentar\u00a0e a\u00a0defesa nacional. Jungmann alertou para a distribui\u00e7\u00e3o assim\u00e9trica desses minerais no mundo e refor\u00e7ou a necessidade do\u00a0Brasil\u00a0se preparar para defender seus interesses no ambiente marinho. O aproveitamento sustent\u00e1vel dos recursos dos fundos oce\u00e2nicos pode impulsionar o\u00a0desenvolvimento socioecon\u00f4mico, estimular a\u00a0ind\u00fastria de minera\u00e7\u00e3o submarina\u00a0e consolidar o pa\u00eds como uma lideran\u00e7a em inova\u00e7\u00e3o azul e seguran\u00e7a ambiental.<\/p>\n<h3 class=\"\" data-start=\"2354\" data-end=\"2415\">Marinha e CEPE-MB: protagonismo na governan\u00e7a dos oceanos<\/h3>\n<p class=\"\" data-start=\"2417\" data-end=\"3072\">O semin\u00e1rio tamb\u00e9m reafirmou o papel da\u00a0Marinha do Brasil\u00a0e do\u00a0CEPE-MB\u00a0como articuladores estrat\u00e9gicos do debate sobre o futuro dos\u00a0fundos marinhos. A busca pelo fortalecimento da posi\u00e7\u00e3o brasileira em f\u00f3runs internacionais sobre governan\u00e7a oce\u00e2nica e a atua\u00e7\u00e3o conjunta entre o setor p\u00fablico, a academia e a sociedade civil s\u00e3o fundamentais para proteger os interesses nacionais e ampliar a presen\u00e7a do Brasil na explora\u00e7\u00e3o e gest\u00e3o dos recursos marinhos globais. Ao investir na reflex\u00e3o estrat\u00e9gica e na promo\u00e7\u00e3o de eventos como esse, a Marinha contribui para a constru\u00e7\u00e3o de um pa\u00eds mais soberano e preparado para os desafios do s\u00e9culo XXI.<\/p>\n<p data-start=\"2417\" data-end=\"3072\">Fonte: Defesa em Foco<\/p>\n","protected":false},"excerpt":{"rendered":"<p>O Centro de Estudos Pol\u00edtico-Estrat\u00e9gicos da Marinha (CEPE-MB)\u00a0promoveu o semin\u00e1rio\u00a0\u201cFundos Marinhos: recursos, sustentabilidade e defesa\u201d, em parceria com a\u00a0Escola de Guerra Naval (EGN)\u00a0e a\u00a0Secretaria da&#8230;<\/p>\n","protected":false},"author":1527,"featured_media":58663,"comment_status":"closed","ping_status":"closed","sticky":false,"template":"","format":"standard","meta":{"footnotes":""},"categories":[6],"tags":[],"class_list":["post-58661","post","type-post","status-publish","format-standard","has-post-thumbnail","hentry","category-noticias"],"_links":{"self":[{"href":"https:\/\/www.sincomam.org.br\/index.php\/wp-json\/wp\/v2\/posts\/58661","targetHints":{"allow":["GET"]}}],"collection":[{"href":"https:\/\/www.sincomam.org.br\/index.php\/wp-json\/wp\/v2\/posts"}],"about":[{"href":"https:\/\/www.sincomam.org.br\/index.php\/wp-json\/wp\/v2\/types\/post"}],"author":[{"embeddable":true,"href":"https:\/\/www.sincomam.org.br\/index.php\/wp-json\/wp\/v2\/users\/1527"}],"replies":[{"embeddable":true,"href":"https:\/\/www.sincomam.org.br\/index.php\/wp-json\/wp\/v2\/comments?post=58661"}],"version-history":[{"count":1,"href":"https:\/\/www.sincomam.org.br\/index.php\/wp-json\/wp\/v2\/posts\/58661\/revisions"}],"predecessor-version":[{"id":58664,"href":"https:\/\/www.sincomam.org.br\/index.php\/wp-json\/wp\/v2\/posts\/58661\/revisions\/58664"}],"wp:featuredmedia":[{"embeddable":true,"href":"https:\/\/www.sincomam.org.br\/index.php\/wp-json\/wp\/v2\/media\/58663"}],"wp:attachment":[{"href":"https:\/\/www.sincomam.org.br\/index.php\/wp-json\/wp\/v2\/media?parent=58661"}],"wp:term":[{"taxonomy":"category","embeddable":true,"href":"https:\/\/www.sincomam.org.br\/index.php\/wp-json\/wp\/v2\/categories?post=58661"},{"taxonomy":"post_tag","embeddable":true,"href":"https:\/\/www.sincomam.org.br\/index.php\/wp-json\/wp\/v2\/tags?post=58661"}],"curies":[{"name":"wp","href":"https:\/\/api.w.org\/{rel}","templated":true}]}}