{"id":58657,"date":"2025-04-28T11:26:32","date_gmt":"2025-04-28T14:26:32","guid":{"rendered":"https:\/\/www.sincomam.org.br\/?p=58657"},"modified":"2025-04-28T11:26:32","modified_gmt":"2025-04-28T14:26:32","slug":"cluster-naval-rj-verifica-oportunidades-de-expansao-de-negocios-no-norte","status":"publish","type":"post","link":"https:\/\/www.sincomam.org.br\/index.php\/cluster-naval-rj-verifica-oportunidades-de-expansao-de-negocios-no-norte\/","title":{"rendered":"Cluster Naval-RJ verifica oportunidades de expans\u00e3o de neg\u00f3cios no Norte"},"content":{"rendered":"<p>O Cluster Tecnol\u00f3gico Naval do Rio de Janeiro identifica uma s\u00e9rie de oportunidades de expans\u00e3o dos neg\u00f3cios no Norte do pa\u00eds. A avalia\u00e7\u00e3o \u00e9 que a ind\u00fastria naval na regi\u00e3o est\u00e1 passando por um crescimento not\u00e1vel, impulsionado pela crescente demanda por servi\u00e7os e produtos especializados. Outra leitura \u00e9 que a previs\u00e3o de libera\u00e7\u00e3o da faixa equatorial para a explora\u00e7\u00e3o de petr\u00f3leo representa uma oportunidade ainda mais promissora, com potencial para atrair investimentos significativos e gerar novas demandas.<\/p>\n<p>\u201cEssa expans\u00e3o n\u00e3o beneficiar\u00e1 apenas a regi\u00e3o, mas tamb\u00e9m ter\u00e1 um impacto positivo em todo o pa\u00eds, fortalecendo a Economia do Mar e ampliando as possibilidades de neg\u00f3cios\u201d, avaliou o diretor-presidente do Cluster Tecnol\u00f3gico Naval do Rio de Janeiro, almirante Walter Lucas da Silva.<\/p>\n<p>O desenvolvimento desse potencial e os desafios enfrentados pela regi\u00e3o Norte ser\u00e3o discutidos pelos principais atores dessa ind\u00fastria na\u00a0<a href=\"https:\/\/cdn-pen.nuneshost.com\/noticias\/ind-naval-e-offshore\/manaus-recebe-em-maio-a-maior-feira-da-industria-naval-fluvial-da-america-latina\" target=\"_blank\" rel=\"noopener\">nova edi\u00e7\u00e3o da\u00a0<strong>NN Log\u00edstica<\/strong><\/a>, maior feira da ind\u00fastria fluvial da Am\u00e9rica Latina e que se consolidou desde a fus\u00e3o das feiras &#8216;Navalshore Amaz\u00f4nia&#8217; e &#8216;Navegistic Manaus&#8217;. O evento, entre os dias 7 e 9 de maio, em Manaus (AM), \u00e9 dedicado ao setor hidrovi\u00e1rio, com foco na navega\u00e7\u00e3o, constru\u00e7\u00e3o naval e log\u00edstica do Norte.<\/p>\n<p>Da Silva destacou que o Cluster Tecnol\u00f3gico Naval-RJ teve uma participa\u00e7\u00e3o significativa como expositor na edi\u00e7\u00e3o de 2024 da\u00a0NN Log\u00edstica, reconhecendo este evento como uma oportunidade valiosa para destacar as potencialidades do setor na regi\u00e3o norte do Brasil. \u201cEssa participa\u00e7\u00e3o n\u00e3o apenas refor\u00e7ou a visibilidade das empresas do Cluster, mas tamb\u00e9m abriu portas para novas colabora\u00e7\u00f5es e parcerias estrat\u00e9gicas, alinhadas com nossas metas de crescimento para 2025. Estamos otimistas quanto ao fortalecimento das rela\u00e7\u00f5es comerciais e ao desenvolvimento de iniciativas conjuntas que beneficiem todos os envolvidos\u201d, ressaltou.<\/p>\n<p>Para a edi\u00e7\u00e3o de 2025, o Cluster destaca a participa\u00e7\u00e3o de quatro empresas associadas. Uma delas \u00e9 a Empresa Gerencial de Projetos Navais (Emgepron), que participa pela primeira vez, atuando na ger\u00eancia de projetos e na comercializa\u00e7\u00e3o de produtos e servi\u00e7os do setor naval. Da Silva tamb\u00e9m mencionou a Ghenova, especializada em servi\u00e7os de engenharia e consultoria nos setores de transporte, energia, ind\u00fastria e infraestrutura.<\/p>\n<p>Atualmente, o Cluster conta com mais de 100 empresas associadas, que variam de startups a micro, pequenas, m\u00e9dias e grandes, incluindo estatais como a Emgepron e a Nuclebr\u00e1s Equipamentos Pesados (Nuclep). Al\u00e9m disso, o grupo conta com 23 entidades diferentes e representativas do meio acad\u00eamico, associa\u00e7\u00f5es, sindicatos e funda\u00e7\u00f5es nos conselhos consultivos cient\u00edfico-estrat\u00e9gico e empresarial. \u201cEssa diversidade n\u00e3o s\u00f3 fortalece nossa rede, mas tamb\u00e9m potencializa as oportunidades de colabora\u00e7\u00e3o e crescimento no \u00e2mbito da Economia Azul, contribuindo para um desenvolvimento sustent\u00e1vel e inovador no setor naval\u201d, finalizou o diretor-presidente do Cluster.<\/p>\n<p>A\u00a0NN Log\u00edstica\u00a0\u00e9 realizada pela NN Eventos, que tem como s\u00f3cios os propriet\u00e1rios da Navalshore, que organiza desde 2004, no Rio de Janeiro (RJ), a feira dedicada \u00e0 ind\u00fastria naval e offshore, e a Navegistic, que organiza desde 2013 a feira Navegistic Intermodal em Assun\u00e7\u00e3o, no Paraguai, dedicada \u00e0 ind\u00fastria hidrovi\u00e1ria.<\/p>\n<p>Fonte: Portos e Navios<\/p>\n","protected":false},"excerpt":{"rendered":"<p>O Cluster Tecnol\u00f3gico Naval do Rio de Janeiro identifica uma s\u00e9rie de oportunidades de expans\u00e3o dos neg\u00f3cios no Norte do pa\u00eds. A avalia\u00e7\u00e3o \u00e9 que&#8230;<\/p>\n","protected":false},"author":1527,"featured_media":58659,"comment_status":"closed","ping_status":"closed","sticky":false,"template":"","format":"standard","meta":{"footnotes":""},"categories":[6],"tags":[],"class_list":["post-58657","post","type-post","status-publish","format-standard","has-post-thumbnail","hentry","category-noticias"],"_links":{"self":[{"href":"https:\/\/www.sincomam.org.br\/index.php\/wp-json\/wp\/v2\/posts\/58657","targetHints":{"allow":["GET"]}}],"collection":[{"href":"https:\/\/www.sincomam.org.br\/index.php\/wp-json\/wp\/v2\/posts"}],"about":[{"href":"https:\/\/www.sincomam.org.br\/index.php\/wp-json\/wp\/v2\/types\/post"}],"author":[{"embeddable":true,"href":"https:\/\/www.sincomam.org.br\/index.php\/wp-json\/wp\/v2\/users\/1527"}],"replies":[{"embeddable":true,"href":"https:\/\/www.sincomam.org.br\/index.php\/wp-json\/wp\/v2\/comments?post=58657"}],"version-history":[{"count":1,"href":"https:\/\/www.sincomam.org.br\/index.php\/wp-json\/wp\/v2\/posts\/58657\/revisions"}],"predecessor-version":[{"id":58660,"href":"https:\/\/www.sincomam.org.br\/index.php\/wp-json\/wp\/v2\/posts\/58657\/revisions\/58660"}],"wp:featuredmedia":[{"embeddable":true,"href":"https:\/\/www.sincomam.org.br\/index.php\/wp-json\/wp\/v2\/media\/58659"}],"wp:attachment":[{"href":"https:\/\/www.sincomam.org.br\/index.php\/wp-json\/wp\/v2\/media?parent=58657"}],"wp:term":[{"taxonomy":"category","embeddable":true,"href":"https:\/\/www.sincomam.org.br\/index.php\/wp-json\/wp\/v2\/categories?post=58657"},{"taxonomy":"post_tag","embeddable":true,"href":"https:\/\/www.sincomam.org.br\/index.php\/wp-json\/wp\/v2\/tags?post=58657"}],"curies":[{"name":"wp","href":"https:\/\/api.w.org\/{rel}","templated":true}]}}