{"id":58614,"date":"2025-04-24T09:02:39","date_gmt":"2025-04-24T12:02:39","guid":{"rendered":"https:\/\/www.sincomam.org.br\/?p=58614"},"modified":"2025-04-24T09:02:39","modified_gmt":"2025-04-24T12:02:39","slug":"aposentados-e-pensionistas-comecam-a-receber-antecipacao-do-13o","status":"publish","type":"post","link":"https:\/\/www.sincomam.org.br\/index.php\/aposentados-e-pensionistas-comecam-a-receber-antecipacao-do-13o\/","title":{"rendered":"Aposentados e pensionistas come\u00e7am a receber antecipa\u00e7\u00e3o do 13\u00ba"},"content":{"rendered":"<p>Cerca de 34,2 milh\u00f5es de aposentados, pensionistas e benefici\u00e1rios de aux\u00edlios do Instituto Nacional do Seguro Social (INSS) come\u00e7am a receber nesta quinta-feira (24) a primeira parcela do d\u00e9cimo terceiro sal\u00e1rio. Feito de forma escalonada, conforme o d\u00edgito final do N\u00famero de Inscri\u00e7\u00e3o Social (NIS), o pagamento vai at\u00e9 8 de maio.<img decoding=\"async\" src=\"https:\/\/agenciabrasil.ebc.com.br\/ebc.png?id=1639979&amp;o=node\" \/><img decoding=\"async\" src=\"https:\/\/agenciabrasil.ebc.com.br\/ebc.gif?id=1639979&amp;o=node\" \/><\/p>\n<p>Com a\u00a0previs\u00e3o de injetar R$ 73,3 bilh\u00f5es na economia, a antecipa\u00e7\u00e3o do d\u00e9cimo terceiro do INSS ser\u00e1 paga em duas parcelas. A segunda parcela vai de 26 de maio a 6 de junho. As datas s\u00e3o definidas com base no d\u00edgito final do N\u00famero de Inscri\u00e7\u00e3o Social (NIS) e com base na renda do benefici\u00e1rio.\u00a0Quem ganha apenas o sal\u00e1rio m\u00ednimo come\u00e7a a receber antes de quem recebe mais que o m\u00ednimo.<\/p>\n<p>Desde a semana passada, a consulta pode ser feita no aplicativo Meu INSS, dispon\u00edvel para celulares e tablets, ou no\u00a0<em>site\u00a0<\/em><a href=\"http:\/\/gov.br\/meuinss\" target=\"_blank\" rel=\"noopener\">gov.br\/meuinss<\/a>.\u00a0Quem n\u00e3o tiver acesso \u00e0 internet pode consultar a libera\u00e7\u00e3o do d\u00e9cimo terceiro pelo telefone 135.\u00a0Nesse caso, \u00e9 necess\u00e1rio informar o n\u00famero do Cadastro de Pessoas F\u00edsicas (CPF) e confirmar alguns dados ao atendente antes de fazer a consulta. O atendimento telef\u00f4nico est\u00e1 dispon\u00edvel de segunda a s\u00e1bado, das 7h \u00e0s 22h.<\/p>\n<table border=\"1\" width=\"500\" cellspacing=\"1\" cellpadding=\"1\">\n<caption>\n<div class=\"dnd-widget-wrapper context-cheio_8colunas type-image\">\n<div class=\"dnd-atom-rendered\"><img decoding=\"async\" title=\"Arte\/Ag\u00eancia Brasil\" src=\"https:\/\/imagens.ebc.com.br\/8cyDW3lA-ejkTEuvnqtQtgvmUOY=\/754x0\/smart\/https:\/\/agenciabrasil.ebc.com.br\/sites\/default\/files\/thumbnails\/image\/2025\/04\/03\/13-tabela1_-_2025_v3.png?itok=8kdb9CpY\" alt=\"2025 - pagamento 13\u00ba INSS\" \/><\/div>\n<div class=\"dnd-caption-wrapper\">\n<div class=\"meta\">2025 &#8211; pagamento 13\u00ba INSS, por Arte\/Ag\u00eancia Brasil<\/div>\n<\/div>\n<\/div>\n<p>&nbsp;<\/p>\n<\/caption>\n<thead>\n<tr>\n<th colspan=\"3\" scope=\"col\">Quem recebe mais que o sal\u00e1rio m\u00ednimo<\/th>\n<\/tr>\n<\/thead>\n<tbody>\n<tr>\n<td>\u00a0\u00a0\u00a0\u00a0 Final do NIS<\/td>\n<td>\u00a0\u00a0\u00a0\u00a0\u00a0\u00a0\u00a0\u00a0 Primeira Parcela<\/td>\n<td>\u00a0\u00a0\u00a0\u00a0\u00a0\u00a0 Segunda Parcela<\/td>\n<\/tr>\n<tr>\n<td>\u00a0\u00a0 1 e 6<\/td>\n<td>\u00a0\u00a0 2 de maio<\/td>\n<td>\u00a0\u00a0\u00a0 2 de junho<\/td>\n<\/tr>\n<tr>\n<td>\u00a0\u00a0\u00a0 2 e 7<\/td>\n<td>\u00a0\u00a0 5 de maio<\/td>\n<td>\u00a0\u00a0\u00a0 3 de junho<\/td>\n<\/tr>\n<tr>\n<td>\u00a0\u00a0\u00a0 3 e 8<\/td>\n<td>\u00a0\u00a0 6 de maio<\/td>\n<td>\u00a0\u00a0\u00a0 4 de junho<\/td>\n<\/tr>\n<tr>\n<td>\u00a0\u00a0\u00a0 4 e 9<\/td>\n<td>\u00a0\u00a0 7 de maio<\/td>\n<td>\u00a0\u00a0\u00a0 5 de junho<\/td>\n<\/tr>\n<tr>\n<td>\u00a0\u00a0\u00a0 5 e 0<\/td>\n<td>\u00a0\u00a0 8 de maio<\/td>\n<td>\u00a0\u00a0\u00a0 6 de junho<\/td>\n<\/tr>\n<\/tbody>\n<\/table>\n<p>O decreto com a antecipa\u00e7\u00e3o do d\u00e9cimo terceiro do INSS foi assinado no in\u00edcio do m\u00eas pelo presidente Luiz In\u00e1cio Lula da Silva.\u00a0Este ser\u00e1 o sexto ano seguido em que os segurados do INSS receber\u00e3o do d\u00e9cimo terceiro antes das datas tradicionais, em agosto e em dezembro. Em 2020 e 2021, o pagamento ocorreu mais cedo por causa da pandemia de covid-19. Em 2022 e 2023, as parcelas foram pagas em maio e junho. Em 2024, em abril e maio.<\/p>\n<p>Conforme os dados mais recentes do INSS, de fevereiro, 28,68 milh\u00f5es de pessoas, cerca de 70,5% do total dos segurados do INSS, ganham at\u00e9 um sal\u00e1rio m\u00ednimo por m\u00eas (R$ 1.518), enquanto 11,98 milh\u00f5es de benefici\u00e1rios recebem acima do piso nacional. Desse total, 10,6 mil ganham o teto da Previd\u00eancia Social, de R$ 8.157,41.<\/p>\n<p>A maioria dos aposentados e pensionistas receber\u00e1 50% do d\u00e9cimo terceiro na primeira parcela. A exce\u00e7\u00e3o \u00e9 para quem passou a receber o benef\u00edcio depois de janeiro e ter\u00e1 o valor calculado proporcionalmente.<\/p>\n<p>O Minist\u00e9rio da Previd\u00eancia esclarece que os segurados que recebem benef\u00edcio por incapacidade tempor\u00e1ria (antigo aux\u00edlio-doen\u00e7a) tamb\u00e9m t\u00eam direito a uma parcela menor do d\u00e9cimo terceiro, calculada de acordo com a dura\u00e7\u00e3o do benef\u00edcio. Por lei, os segurados que recebem benef\u00edcios assistenciais, como o Benef\u00edcio de Presta\u00e7\u00e3o Continuada (BPC) e o Renda Mensal Vital\u00edcia, n\u00e3o t\u00eam direito a d\u00e9cimo terceiro sal\u00e1rio.<\/p>\n<p>Fonte: Ag\u00eancia Brasil<\/p>\n","protected":false},"excerpt":{"rendered":"<p>Cerca de 34,2 milh\u00f5es de aposentados, pensionistas e benefici\u00e1rios de aux\u00edlios do Instituto Nacional do Seguro Social (INSS) come\u00e7am a receber nesta quinta-feira (24) a&#8230;<\/p>\n","protected":false},"author":1527,"featured_media":58616,"comment_status":"closed","ping_status":"closed","sticky":false,"template":"","format":"standard","meta":{"footnotes":""},"categories":[6],"tags":[],"class_list":["post-58614","post","type-post","status-publish","format-standard","has-post-thumbnail","hentry","category-noticias"],"_links":{"self":[{"href":"https:\/\/www.sincomam.org.br\/index.php\/wp-json\/wp\/v2\/posts\/58614","targetHints":{"allow":["GET"]}}],"collection":[{"href":"https:\/\/www.sincomam.org.br\/index.php\/wp-json\/wp\/v2\/posts"}],"about":[{"href":"https:\/\/www.sincomam.org.br\/index.php\/wp-json\/wp\/v2\/types\/post"}],"author":[{"embeddable":true,"href":"https:\/\/www.sincomam.org.br\/index.php\/wp-json\/wp\/v2\/users\/1527"}],"replies":[{"embeddable":true,"href":"https:\/\/www.sincomam.org.br\/index.php\/wp-json\/wp\/v2\/comments?post=58614"}],"version-history":[{"count":1,"href":"https:\/\/www.sincomam.org.br\/index.php\/wp-json\/wp\/v2\/posts\/58614\/revisions"}],"predecessor-version":[{"id":58617,"href":"https:\/\/www.sincomam.org.br\/index.php\/wp-json\/wp\/v2\/posts\/58614\/revisions\/58617"}],"wp:featuredmedia":[{"embeddable":true,"href":"https:\/\/www.sincomam.org.br\/index.php\/wp-json\/wp\/v2\/media\/58616"}],"wp:attachment":[{"href":"https:\/\/www.sincomam.org.br\/index.php\/wp-json\/wp\/v2\/media?parent=58614"}],"wp:term":[{"taxonomy":"category","embeddable":true,"href":"https:\/\/www.sincomam.org.br\/index.php\/wp-json\/wp\/v2\/categories?post=58614"},{"taxonomy":"post_tag","embeddable":true,"href":"https:\/\/www.sincomam.org.br\/index.php\/wp-json\/wp\/v2\/tags?post=58614"}],"curies":[{"name":"wp","href":"https:\/\/api.w.org\/{rel}","templated":true}]}}