{"id":58602,"date":"2025-04-24T07:45:58","date_gmt":"2025-04-24T10:45:58","guid":{"rendered":"https:\/\/www.sincomam.org.br\/?p=58602"},"modified":"2025-04-24T07:45:58","modified_gmt":"2025-04-24T10:45:58","slug":"antaq-e-petrobras-discutem-comite-para-margem-equatorial-e-reducoes-nas-emissoes-do-modal-aquaviario","status":"publish","type":"post","link":"https:\/\/www.sincomam.org.br\/index.php\/antaq-e-petrobras-discutem-comite-para-margem-equatorial-e-reducoes-nas-emissoes-do-modal-aquaviario\/","title":{"rendered":"Antaq e Petrobras discutem comit\u00ea para Margem Equatorial e redu\u00e7\u00f5es nas emiss\u00f5es do modal aquavi\u00e1rio"},"content":{"rendered":"<p>A cria\u00e7\u00e3o de um Comit\u00ea Gestor Interinstitucional para tratar das demandas da Margem Equatorial foi o principal tema da reuni\u00e3o realizada, na \u00faltima quinta-feira (17), entre o diretor-geral substituto da Ag\u00eancia Nacional de Transportes Aquavi\u00e1rios (Antaq), Caio Farias, a diretora Fl\u00e1via Takafashi, e a presidente da Petrobras, Magda Chambriard, na sede da estatal. O grupo ser\u00e1 respons\u00e1vel por coordenar as solicita\u00e7\u00f5es de outorga e autoriza\u00e7\u00f5es para navega\u00e7\u00e3o de apoio mar\u00edtimo e portu\u00e1rio, cabotagem, longo curso, afretamento de embarca\u00e7\u00f5es e explora\u00e7\u00e3o da infraestrutura aquavi\u00e1ria nos blocos explorat\u00f3rios entre o Amap\u00e1 e o Rio Grande do Norte.<\/p>\n<p>O encontro tamb\u00e9m tratou dos resultados do Invent\u00e1rio Setorial de Emiss\u00f5es de Carbono, elaborado pela Antaq com base nos anos de 2021 a 2023. O levantamento indica que, mesmo com o crescimento do transporte aquavi\u00e1rio \u2014 14,4% nas vias interiores e 4,1% na cabotagem \u2014, houve uma redu\u00e7\u00e3o de 7,68% nas emiss\u00f5es de gases de efeito estufa no setor. A queda foi atribu\u00edda, principalmente, \u00e0s a\u00e7\u00f5es da Petrobras voltadas \u00e0 melhoria da qualidade dos combust\u00edveis. Para Caio Farias, o resultado demonstra que \u00e9 poss\u00edvel avan\u00e7ar em efici\u00eancia log\u00edstica com responsabilidade ambiental.<\/p>\n<p>Fonte: Portos e Navios<\/p>\n","protected":false},"excerpt":{"rendered":"<p>A cria\u00e7\u00e3o de um Comit\u00ea Gestor Interinstitucional para tratar das demandas da Margem Equatorial foi o principal tema da reuni\u00e3o realizada, na \u00faltima quinta-feira (17),&#8230;<\/p>\n","protected":false},"author":1527,"featured_media":58604,"comment_status":"closed","ping_status":"closed","sticky":false,"template":"","format":"standard","meta":{"footnotes":""},"categories":[6],"tags":[],"class_list":["post-58602","post","type-post","status-publish","format-standard","has-post-thumbnail","hentry","category-noticias"],"_links":{"self":[{"href":"https:\/\/www.sincomam.org.br\/index.php\/wp-json\/wp\/v2\/posts\/58602","targetHints":{"allow":["GET"]}}],"collection":[{"href":"https:\/\/www.sincomam.org.br\/index.php\/wp-json\/wp\/v2\/posts"}],"about":[{"href":"https:\/\/www.sincomam.org.br\/index.php\/wp-json\/wp\/v2\/types\/post"}],"author":[{"embeddable":true,"href":"https:\/\/www.sincomam.org.br\/index.php\/wp-json\/wp\/v2\/users\/1527"}],"replies":[{"embeddable":true,"href":"https:\/\/www.sincomam.org.br\/index.php\/wp-json\/wp\/v2\/comments?post=58602"}],"version-history":[{"count":1,"href":"https:\/\/www.sincomam.org.br\/index.php\/wp-json\/wp\/v2\/posts\/58602\/revisions"}],"predecessor-version":[{"id":58605,"href":"https:\/\/www.sincomam.org.br\/index.php\/wp-json\/wp\/v2\/posts\/58602\/revisions\/58605"}],"wp:featuredmedia":[{"embeddable":true,"href":"https:\/\/www.sincomam.org.br\/index.php\/wp-json\/wp\/v2\/media\/58604"}],"wp:attachment":[{"href":"https:\/\/www.sincomam.org.br\/index.php\/wp-json\/wp\/v2\/media?parent=58602"}],"wp:term":[{"taxonomy":"category","embeddable":true,"href":"https:\/\/www.sincomam.org.br\/index.php\/wp-json\/wp\/v2\/categories?post=58602"},{"taxonomy":"post_tag","embeddable":true,"href":"https:\/\/www.sincomam.org.br\/index.php\/wp-json\/wp\/v2\/tags?post=58602"}],"curies":[{"name":"wp","href":"https:\/\/api.w.org\/{rel}","templated":true}]}}