{"id":58598,"date":"2025-04-24T07:44:56","date_gmt":"2025-04-24T10:44:56","guid":{"rendered":"https:\/\/www.sincomam.org.br\/?p=58598"},"modified":"2025-04-24T07:44:56","modified_gmt":"2025-04-24T10:44:56","slug":"na-intermodal-mpor-apresenta-carteira-com-r-19-bilhoes-em-novos-investimentos-portuarios","status":"publish","type":"post","link":"https:\/\/www.sincomam.org.br\/index.php\/na-intermodal-mpor-apresenta-carteira-com-r-19-bilhoes-em-novos-investimentos-portuarios\/","title":{"rendered":"Na Intermodal, MPor apresenta carteira com R$ 19 bilh\u00f5es em novos investimentos portu\u00e1rios"},"content":{"rendered":"<p>A ministra substituta de Portos e Aeroportos (MPor), Mariana Pescatori, apresentou, na \u00faltima\u00a0ter\u00e7a-feira (22),\u00a0os investimentos fomentados pela pasta nos \u00faltimos dois anos e detalhou as obras previstas para os pr\u00f3ximos per\u00edodos. Ela\u00a0participou da abertura da 29\u00aa edi\u00e7\u00e3o da Intermodal South America, um dos principais eventos das \u00e1reas de log\u00edstica e transporte da Am\u00e9rica Latina. Para 2025, est\u00e3o previstos 21 leil\u00f5es, com destaque para o T\u00fanel de Santos, agendado para agosto, e a concess\u00e3o da Tecon Santos 10, prevista para o final do ano.<\/p>\n<p>O governo tamb\u00e9m aguarda autoriza\u00e7\u00e3o do Tribunal de Contas da Uni\u00e3o (TCU) para avan\u00e7ar com a concess\u00e3o do canal de acesso de Paranagu\u00e1 (PR), que poder\u00e1 servir de modelo para o canal de Santos.<\/p>\n<p>No setor portu\u00e1rio, o planejamento inclui R$ 11 bilh\u00f5es em investimentos j\u00e1 contratados, com expectativa de atrair mais R$ 19 bilh\u00f5es ainda em 2025. Al\u00e9m disso, o MPor trabalha para captar outros R$ 28 bilh\u00f5es em novos projetos, contemplando 21 empreendimentos portu\u00e1rios.<\/p>\n<p>Em rela\u00e7\u00e3o \u00e0s hidrovias, o foco est\u00e1 na expans\u00e3o da cabotagem com o programa BR do Mar, que busca reduzir custos e ampliar a concorr\u00eancia no transporte entre portos nacionais. A expectativa \u00e9 que o decreto do BR do Mar seja assinado pelo presidente Lula em maio, o que dever\u00e1 impulsionar investimentos em embarca\u00e7\u00f5es verdes e consolidar a expans\u00e3o do setor.<\/p>\n<p>Fonte: Portos e Navios<\/p>\n","protected":false},"excerpt":{"rendered":"<p>A ministra substituta de Portos e Aeroportos (MPor), Mariana Pescatori, apresentou, na \u00faltima\u00a0ter\u00e7a-feira (22),\u00a0os investimentos fomentados pela pasta nos \u00faltimos dois anos e detalhou as&#8230;<\/p>\n","protected":false},"author":1527,"featured_media":58600,"comment_status":"closed","ping_status":"closed","sticky":false,"template":"","format":"standard","meta":{"footnotes":""},"categories":[6],"tags":[],"class_list":["post-58598","post","type-post","status-publish","format-standard","has-post-thumbnail","hentry","category-noticias"],"_links":{"self":[{"href":"https:\/\/www.sincomam.org.br\/index.php\/wp-json\/wp\/v2\/posts\/58598","targetHints":{"allow":["GET"]}}],"collection":[{"href":"https:\/\/www.sincomam.org.br\/index.php\/wp-json\/wp\/v2\/posts"}],"about":[{"href":"https:\/\/www.sincomam.org.br\/index.php\/wp-json\/wp\/v2\/types\/post"}],"author":[{"embeddable":true,"href":"https:\/\/www.sincomam.org.br\/index.php\/wp-json\/wp\/v2\/users\/1527"}],"replies":[{"embeddable":true,"href":"https:\/\/www.sincomam.org.br\/index.php\/wp-json\/wp\/v2\/comments?post=58598"}],"version-history":[{"count":1,"href":"https:\/\/www.sincomam.org.br\/index.php\/wp-json\/wp\/v2\/posts\/58598\/revisions"}],"predecessor-version":[{"id":58601,"href":"https:\/\/www.sincomam.org.br\/index.php\/wp-json\/wp\/v2\/posts\/58598\/revisions\/58601"}],"wp:featuredmedia":[{"embeddable":true,"href":"https:\/\/www.sincomam.org.br\/index.php\/wp-json\/wp\/v2\/media\/58600"}],"wp:attachment":[{"href":"https:\/\/www.sincomam.org.br\/index.php\/wp-json\/wp\/v2\/media?parent=58598"}],"wp:term":[{"taxonomy":"category","embeddable":true,"href":"https:\/\/www.sincomam.org.br\/index.php\/wp-json\/wp\/v2\/categories?post=58598"},{"taxonomy":"post_tag","embeddable":true,"href":"https:\/\/www.sincomam.org.br\/index.php\/wp-json\/wp\/v2\/tags?post=58598"}],"curies":[{"name":"wp","href":"https:\/\/api.w.org\/{rel}","templated":true}]}}