{"id":58594,"date":"2025-04-24T07:44:02","date_gmt":"2025-04-24T10:44:02","guid":{"rendered":"https:\/\/www.sincomam.org.br\/?p=58594"},"modified":"2025-04-24T07:44:02","modified_gmt":"2025-04-24T10:44:02","slug":"vli-assina-pacto-pela-sustentabilidade-do-mpor","status":"publish","type":"post","link":"https:\/\/www.sincomam.org.br\/index.php\/vli-assina-pacto-pela-sustentabilidade-do-mpor\/","title":{"rendered":"VLI assina pacto pela sustentabilidade do MPor"},"content":{"rendered":"<p>A VLI assinou, na \u00faltima ter\u00e7a-feira (22) o Pacto pela Sustentabilidade do Minist\u00e9rio de Portos e Aeroportos (MPor). A cerim\u00f4nia aconteceu durante a feira Intermodal, em S\u00e3o Paulo, e contou com a presen\u00e7a do CEO da VLI, F\u00e1bio Marchiori, da diretora-executiva de Gente, Servi\u00e7os e Sustentabilidade, Rute Melo Ara\u00fajo, da ministra interina do MPor, Mariana Pescatori, entre outras autoridades. O pacto, firmado pela empresa de solu\u00e7\u00f5es log\u00edsticas que atua em ferrovias, portos e terminais, tem como objetivo incentivar pr\u00e1ticas sustent\u00e1veis, promover transpar\u00eancia e ampliar a inclus\u00e3o social em portos, aeroportos e hidrovias, envolvendo tanto o setor p\u00fablico quanto a iniciativa privada.<\/p>\n<p>A ades\u00e3o est\u00e1 alinhada \u00e0 agenda ESG da companhia, estruturada em compromissos p\u00fablicos firmados desde 2021 e incorporada \u00e0 cultura corporativa da empresa. As metas e indicadores relacionados \u00e0 sustentabilidade s\u00e3o v\u00e1lidos para toda a lideran\u00e7a da VLI. Segundo Rute Melo Ara\u00fajo, a assinatura do pacto representa a cren\u00e7a no poder das conex\u00f5es para transformar a log\u00edstica e contribuir para um Brasil mais sustent\u00e1vel.<\/p>\n<p>Fonte: Portos e Navios<\/p>\n","protected":false},"excerpt":{"rendered":"<p>A VLI assinou, na \u00faltima ter\u00e7a-feira (22) o Pacto pela Sustentabilidade do Minist\u00e9rio de Portos e Aeroportos (MPor). A cerim\u00f4nia aconteceu durante a feira Intermodal,&#8230;<\/p>\n","protected":false},"author":1527,"featured_media":58596,"comment_status":"closed","ping_status":"closed","sticky":false,"template":"","format":"standard","meta":{"footnotes":""},"categories":[6],"tags":[],"class_list":["post-58594","post","type-post","status-publish","format-standard","has-post-thumbnail","hentry","category-noticias"],"_links":{"self":[{"href":"https:\/\/www.sincomam.org.br\/index.php\/wp-json\/wp\/v2\/posts\/58594","targetHints":{"allow":["GET"]}}],"collection":[{"href":"https:\/\/www.sincomam.org.br\/index.php\/wp-json\/wp\/v2\/posts"}],"about":[{"href":"https:\/\/www.sincomam.org.br\/index.php\/wp-json\/wp\/v2\/types\/post"}],"author":[{"embeddable":true,"href":"https:\/\/www.sincomam.org.br\/index.php\/wp-json\/wp\/v2\/users\/1527"}],"replies":[{"embeddable":true,"href":"https:\/\/www.sincomam.org.br\/index.php\/wp-json\/wp\/v2\/comments?post=58594"}],"version-history":[{"count":1,"href":"https:\/\/www.sincomam.org.br\/index.php\/wp-json\/wp\/v2\/posts\/58594\/revisions"}],"predecessor-version":[{"id":58597,"href":"https:\/\/www.sincomam.org.br\/index.php\/wp-json\/wp\/v2\/posts\/58594\/revisions\/58597"}],"wp:featuredmedia":[{"embeddable":true,"href":"https:\/\/www.sincomam.org.br\/index.php\/wp-json\/wp\/v2\/media\/58596"}],"wp:attachment":[{"href":"https:\/\/www.sincomam.org.br\/index.php\/wp-json\/wp\/v2\/media?parent=58594"}],"wp:term":[{"taxonomy":"category","embeddable":true,"href":"https:\/\/www.sincomam.org.br\/index.php\/wp-json\/wp\/v2\/categories?post=58594"},{"taxonomy":"post_tag","embeddable":true,"href":"https:\/\/www.sincomam.org.br\/index.php\/wp-json\/wp\/v2\/tags?post=58594"}],"curies":[{"name":"wp","href":"https:\/\/api.w.org\/{rel}","templated":true}]}}