{"id":58591,"date":"2025-04-22T12:46:54","date_gmt":"2025-04-22T15:46:54","guid":{"rendered":"https:\/\/www.sincomam.org.br\/?p=58591"},"modified":"2025-04-22T12:46:54","modified_gmt":"2025-04-22T15:46:54","slug":"morte-do-papa-francisco-tudo-aconteceu-muito-rapido-diz-vaticano","status":"publish","type":"post","link":"https:\/\/www.sincomam.org.br\/index.php\/morte-do-papa-francisco-tudo-aconteceu-muito-rapido-diz-vaticano\/","title":{"rendered":"Morte do papa Francisco: \u201cTudo aconteceu muito r\u00e1pido\u201d, diz Vaticano"},"content":{"rendered":"<p>O papa Francisco come\u00e7ou a apresentar sinais de doen\u00e7a s\u00fabita por volta de 5h30 (hor\u00e1rio local) da \u00faltima segunda-feira (21). Cerca de uma hora depois, logo ap\u00f3s acenar com a m\u00e3o para seu enfermeiro pessoal, em gesto de despedida, o pont\u00edfice entrou em coma. As informa\u00e7\u00f5es foram divulgadas nesta ter\u00e7a-feira (22) pelo Vaticano.<img decoding=\"async\" src=\"https:\/\/agenciabrasil.ebc.com.br\/ebc.png?id=1639742&amp;o=node\" \/><img decoding=\"async\" src=\"https:\/\/agenciabrasil.ebc.com.br\/ebc.gif?id=1639742&amp;o=node\" \/><\/p>\n<blockquote><p>\u201cDe acordo com os que estavam com ele em seus momentos finais, Francisco n\u00e3o sofreu. Tudo aconteceu muito r\u00e1pido\u201d, destacou o Vaticano, em comunicado. \u201cFoi uma morte discreta, quase repentina, sem longo sofrimento ou alarme p\u00fablico, para um papa que sempre foi muito reservado em rela\u00e7\u00e3o \u00e0 sua sa\u00fade.\u201d<\/p><\/blockquote>\n<p>Francisco morreu \u00e0s 7h35 (hor\u00e1rio local), no dia seguinte \u00e0 P\u00e1scoa, quando fez uma breve apari\u00e7\u00e3o na sacada da Bas\u00edlica de S\u00e3o Pedro e ofereceu a b\u00ean\u00e7\u00e3o Urbi et Orbi (Para a cidade e para o mundo, na tradu\u00e7\u00e3o literal).\u00a0De acordo com o Departamento de Celebra\u00e7\u00f5es Lit\u00fargicas do Vaticano, o funeral ser\u00e1 realizado no pr\u00f3ximo s\u00e1bado (26).<\/p>\n<p>Fonte: Ag\u00eancia Brasil<\/p>\n","protected":false},"excerpt":{"rendered":"<p>O papa Francisco come\u00e7ou a apresentar sinais de doen\u00e7a s\u00fabita por volta de 5h30 (hor\u00e1rio local) da \u00faltima segunda-feira (21). Cerca de uma hora depois,&#8230;<\/p>\n","protected":false},"author":1527,"featured_media":31582,"comment_status":"closed","ping_status":"closed","sticky":false,"template":"","format":"standard","meta":{"footnotes":""},"categories":[6],"tags":[],"class_list":["post-58591","post","type-post","status-publish","format-standard","has-post-thumbnail","hentry","category-noticias"],"_links":{"self":[{"href":"https:\/\/www.sincomam.org.br\/index.php\/wp-json\/wp\/v2\/posts\/58591","targetHints":{"allow":["GET"]}}],"collection":[{"href":"https:\/\/www.sincomam.org.br\/index.php\/wp-json\/wp\/v2\/posts"}],"about":[{"href":"https:\/\/www.sincomam.org.br\/index.php\/wp-json\/wp\/v2\/types\/post"}],"author":[{"embeddable":true,"href":"https:\/\/www.sincomam.org.br\/index.php\/wp-json\/wp\/v2\/users\/1527"}],"replies":[{"embeddable":true,"href":"https:\/\/www.sincomam.org.br\/index.php\/wp-json\/wp\/v2\/comments?post=58591"}],"version-history":[{"count":1,"href":"https:\/\/www.sincomam.org.br\/index.php\/wp-json\/wp\/v2\/posts\/58591\/revisions"}],"predecessor-version":[{"id":58593,"href":"https:\/\/www.sincomam.org.br\/index.php\/wp-json\/wp\/v2\/posts\/58591\/revisions\/58593"}],"wp:featuredmedia":[{"embeddable":true,"href":"https:\/\/www.sincomam.org.br\/index.php\/wp-json\/wp\/v2\/media\/31582"}],"wp:attachment":[{"href":"https:\/\/www.sincomam.org.br\/index.php\/wp-json\/wp\/v2\/media?parent=58591"}],"wp:term":[{"taxonomy":"category","embeddable":true,"href":"https:\/\/www.sincomam.org.br\/index.php\/wp-json\/wp\/v2\/categories?post=58591"},{"taxonomy":"post_tag","embeddable":true,"href":"https:\/\/www.sincomam.org.br\/index.php\/wp-json\/wp\/v2\/tags?post=58591"}],"curies":[{"name":"wp","href":"https:\/\/api.w.org\/{rel}","templated":true}]}}