{"id":58566,"date":"2025-04-22T10:08:57","date_gmt":"2025-04-22T13:08:57","guid":{"rendered":"https:\/\/www.sincomam.org.br\/?p=58566"},"modified":"2025-04-22T10:08:57","modified_gmt":"2025-04-22T13:08:57","slug":"manaus-recebe-em-maio-a-maior-feira-da-industria-naval-fluvial-da-america-latina","status":"publish","type":"post","link":"https:\/\/www.sincomam.org.br\/index.php\/manaus-recebe-em-maio-a-maior-feira-da-industria-naval-fluvial-da-america-latina\/","title":{"rendered":"Manaus recebe em maio a maior feira da ind\u00fastria naval fluvial da Am\u00e9rica Latina"},"content":{"rendered":"<p>Pelo terceiro ano, Manaus receber\u00e1 no in\u00edcio de maio a maior feira da ind\u00fastria naval fluvial da Am\u00e9rica Latina. A NN Log\u00edstica ser\u00e1 realizada de 7 a 9 de maio no Centro de Conven\u00e7\u00f5es da Amaz\u00f4nia Vasco Vasques com espa\u00e7o ampliado em dois pavilh\u00f5es e mais de 100 expositores, representando mais de 300 marcas nacionais e internacionais. Nesta edi\u00e7\u00e3o, s\u00e3o aguardados mais de 7.000 visitantes.<\/p>\n<p>Todos os principais segmentos de bens e servi\u00e7os para a ind\u00fastria naval fluvial estar\u00e3o representados. Fabricantes de motores como Daihatsu, Caterpillar, Scania, Yanmar, Cummins, Mitsubishi e Wartsila s\u00e3o alguns dos expositores presentes nesta edi\u00e7\u00e3o.<\/p>\n<p>A confer\u00eancia oficial, que ocorre paralelamente \u00e0 feira, ter\u00e1 pain\u00e9is dedicados aos temas &#8220;A Profissionaliza\u00e7\u00e3o do Transporte de Passageiros: Renova\u00e7\u00e3o de Frota e Gest\u00e3o de IP4&#8221;, &#8220;Financiamento e pol\u00edticas p\u00fablicas para a ind\u00fastria naval fluvial&#8221;, &#8220;Os Efeitos da Seca e poss\u00edveis solu\u00e7\u00f5es para a Navegabilidade na Amaz\u00f4nia&#8221;, &#8220;Ind\u00fastria naval fluvial na Amaz\u00f4nia \u2013 Institui\u00e7\u00f5es e Governo&#8221; e &#8220;Perspectivas de crescimento e tend\u00eancias tecnol\u00f3gicas na ind\u00fastria naval fluvial&#8221;.<\/p>\n<p>Palestrantes confirmados<\/p>\n<p>\u2022 Serafim Fernandes Corr\u00eaa \u2013 Secret\u00e1rio de Estado de Desenvolvimento Econ\u00f4mico, Ci\u00eancia, Tecnologia e Inova\u00e7\u00e3o \u2013 SEDECTI \u2013 Governo do Amazonas<\/p>\n<p>\u2022 Otto Luiz Burlier da Silveira Filho \u2013 Diretor do Departamento de Navega\u00e7\u00e3o e Fomento \u2013 Minist\u00e9rio de Portos e Aeroportos<\/p>\n<p>\u2022 Wilson Pereira de Lima Filho \u2013 Diretor \u2013 ANTAQ (Ag\u00eancia Nacional de Transportes Aquavi\u00e1rios)<\/p>\n<p>\u2022 Edme Tavares de Albuquerque Filho \u2013 Diretor de Infraestrutura Aquavi\u00e1ria substituto \u2013 DNIT \u2013 Departamento Nacional de Infraestrutura de Transportes<\/p>\n<p>\u2022 Jones Soares \u2013 Diretor de Transporte Mar\u00edtimo \u2013 TRANSPETRO<\/p>\n<p>\u2022 Luis Fernando Resano \u2013 Vice-Presidente Executivo \u2013 Associa\u00e7\u00e3o Brasileira de Armadores de Cabotagem (ABAC)<\/p>\n<p>\u2022 Jos\u00e9 Rebelo III \u2013 Presidente \u2013 ABANI (Associa\u00e7\u00e3o Brasileira Para Desenvolvimento da Navega\u00e7\u00e3o Interior)<\/p>\n<p>\u2022 Heron Vieira Oleano \u2013 Superintendente Executivo II S.E. do PA Corporativo Infraestrutura \u2013 Caixa Econ\u00f4mica Federal<\/p>\n<p>\u2022 Roberto Batista Schwartz Martins de Paula \u2013 Diretor de Cr\u00e9dito \u2013 Banco da Amaz\u00f4nia<\/p>\n<p>\u2022 Augusto Cesar Barreto Rocha \u2013 Doutor em Engenharia de Transportes, Professor Associado \u2013 UFAM\/ FIEAM\/CIEAM<\/p>\n<p>\u2022 F\u00e1bio Vasconcellos \u2013 Diretor Comercial \u2013 Estaleiro Rio Maguari<\/p>\n<p>\u2022 Dod\u00f3 Carvalho \u2013 Vice-Presidente \u2013 ABANI (Associa\u00e7\u00e3o Brasileira Para Desenvolvimento da Navega\u00e7\u00e3o Interior)<\/p>\n<p>\u2022 Pedro Ventura \u2013 Diretor de Desenvolvimento de Neg\u00f3cios \u2013 Robert Allan<\/p>\n<p>\u2022 Adalberto Tokarski &#8211; consultor e ex-diretor da Antaq<\/p>\n<p>\u2022 Luiz Frederico Oliveira de Aguiar \u2013 Superintendente Executivo \u2013 SUFRAMA \u2013 Superintend\u00eancia da Zona Franca de Manaus<\/p>\n<p>\u2022 Thiago Pontin Tancredi \u2013 Coordenador do Curso de Engenharia Naval \u2013 Universidade Federal de Santa Catarina \u2013 Palestra apresentada pelo Estaleiro Juru\u00e1<\/p>\n<p>\u2022 Genil Mazza \u2013 Gerente de Vendas Marine \u2013 Wartsila<\/p>\n<p>\u2022 Daniel Andrade \u2013 Consultor Segmento Fluvial \u2013 Sotreq\/CAT<\/p>\n<p>Fonte: Portos e Navios<\/p>\n","protected":false},"excerpt":{"rendered":"<p>Pelo terceiro ano, Manaus receber\u00e1 no in\u00edcio de maio a maior feira da ind\u00fastria naval fluvial da Am\u00e9rica Latina. A NN Log\u00edstica ser\u00e1 realizada de&#8230;<\/p>\n","protected":false},"author":1527,"featured_media":58568,"comment_status":"closed","ping_status":"closed","sticky":false,"template":"","format":"standard","meta":{"footnotes":""},"categories":[6],"tags":[],"class_list":["post-58566","post","type-post","status-publish","format-standard","has-post-thumbnail","hentry","category-noticias"],"_links":{"self":[{"href":"https:\/\/www.sincomam.org.br\/index.php\/wp-json\/wp\/v2\/posts\/58566","targetHints":{"allow":["GET"]}}],"collection":[{"href":"https:\/\/www.sincomam.org.br\/index.php\/wp-json\/wp\/v2\/posts"}],"about":[{"href":"https:\/\/www.sincomam.org.br\/index.php\/wp-json\/wp\/v2\/types\/post"}],"author":[{"embeddable":true,"href":"https:\/\/www.sincomam.org.br\/index.php\/wp-json\/wp\/v2\/users\/1527"}],"replies":[{"embeddable":true,"href":"https:\/\/www.sincomam.org.br\/index.php\/wp-json\/wp\/v2\/comments?post=58566"}],"version-history":[{"count":1,"href":"https:\/\/www.sincomam.org.br\/index.php\/wp-json\/wp\/v2\/posts\/58566\/revisions"}],"predecessor-version":[{"id":58569,"href":"https:\/\/www.sincomam.org.br\/index.php\/wp-json\/wp\/v2\/posts\/58566\/revisions\/58569"}],"wp:featuredmedia":[{"embeddable":true,"href":"https:\/\/www.sincomam.org.br\/index.php\/wp-json\/wp\/v2\/media\/58568"}],"wp:attachment":[{"href":"https:\/\/www.sincomam.org.br\/index.php\/wp-json\/wp\/v2\/media?parent=58566"}],"wp:term":[{"taxonomy":"category","embeddable":true,"href":"https:\/\/www.sincomam.org.br\/index.php\/wp-json\/wp\/v2\/categories?post=58566"},{"taxonomy":"post_tag","embeddable":true,"href":"https:\/\/www.sincomam.org.br\/index.php\/wp-json\/wp\/v2\/tags?post=58566"}],"curies":[{"name":"wp","href":"https:\/\/api.w.org\/{rel}","templated":true}]}}