{"id":58554,"date":"2025-04-17T11:26:48","date_gmt":"2025-04-17T14:26:48","guid":{"rendered":"https:\/\/www.sincomam.org.br\/?p=58554"},"modified":"2025-04-17T11:26:48","modified_gmt":"2025-04-17T14:26:48","slug":"marinha-lidera-evento-sobre-uso-sustentavel-da-baia-de-guanabara","status":"publish","type":"post","link":"https:\/\/www.sincomam.org.br\/index.php\/marinha-lidera-evento-sobre-uso-sustentavel-da-baia-de-guanabara\/","title":{"rendered":"Marinha lidera evento sobre uso sustent\u00e1vel da Ba\u00eda de Guanabara"},"content":{"rendered":"<p class=\"\" data-start=\"251\" data-end=\"717\">A Ba\u00eda de Guanabara, porto natural de valor inestim\u00e1vel, foi o centro de um evento estrat\u00e9gico promovido em 9 de abril pela\u00a0Capitania dos Portos do Rio de Janeiro. A exibi\u00e7\u00e3o do document\u00e1rio \u201cEspelhos da Ba\u00eda\u201d abriu espa\u00e7o para um\u00a0debate interinstitucional coordenado pela Marinha, com a presen\u00e7a de \u00f3rg\u00e3os p\u00fablicos, iniciativa privada e academia, todos em busca de\u00a0solu\u00e7\u00f5es sustent\u00e1veis para o uso desse territ\u00f3rio vital ao estado do Rio de Janeiro.<\/p>\n<h3 class=\"\" data-start=\"724\" data-end=\"786\"><strong data-start=\"728\" data-end=\"786\">Gest\u00e3o compartilhada e desafios da governan\u00e7a mar\u00edtima<\/strong><\/h3>\n<p class=\"\" data-start=\"788\" data-end=\"1214\">O evento integrou o\u00a0Projeto de Educa\u00e7\u00e3o Ambiental Redes da Ba\u00eda (PEA)\u00a0e teve como foco o\u00a0terceiro epis\u00f3dio da s\u00e9rie \u201cEspelhos da Ba\u00eda\u201d, dedicado \u00e0 governan\u00e7a mar\u00edtima. A escolha da\u00a0Capitania dos Portos como sede\u00a0do encontro foi simb\u00f3lica e estrat\u00e9gica: sob a autoridade do\u00a01\u00ba Distrito Naval, a Marinha exerce papel central na regula\u00e7\u00e3o e fiscaliza\u00e7\u00e3o das atividades n\u00e1uticas, portu\u00e1rias e ambientais da regi\u00e3o.<\/p>\n<p class=\"\" data-start=\"1216\" data-end=\"1671\">O\u00a0discurso do Capit\u00e3o dos Portos do Rio de Janeiro\u00a0ressaltou a import\u00e2ncia da constru\u00e7\u00e3o de mecanismos de\u00a0gest\u00e3o integrada, em que diferentes atores possam dialogar e alinhar interesses. \u201c\u00c9 essencial que o setor p\u00fablico, privado e acad\u00eamico se unam para subsidiar pol\u00edticas p\u00fablicas sustent\u00e1veis para a Ba\u00eda de Guanabara\u201d, declarou. O evento marcou mais um passo rumo \u00e0 cria\u00e7\u00e3o de um modelo\u00a0participativo e transparente de governan\u00e7a costeira.<\/p>\n<p class=\"\" data-start=\"1673\" data-end=\"2028\">O debate t\u00e9cnico abrangeu ainda as complexidades do uso m\u00faltiplo da Ba\u00eda \u2014 desde o tr\u00e1fego portu\u00e1rio e a pesca artesanal at\u00e9 o turismo n\u00e1utico, transporte de passageiros e preserva\u00e7\u00e3o ambiental. A presen\u00e7a de representantes do IBAMA, INEA, UFF, UFRJ e prefeituras da regi\u00e3o metropolitana refor\u00e7ou a\u00a0pluralidade de perspectivas e expertises envolvidas.<\/p>\n<h3 class=\"\" data-start=\"2035\" data-end=\"2096\"><strong data-start=\"2039\" data-end=\"2096\">Integra\u00e7\u00e3o de saberes e constru\u00e7\u00e3o de solu\u00e7\u00f5es locais<\/strong><\/h3>\n<p class=\"\" data-start=\"2098\" data-end=\"2458\">Um dos aspectos mais valorizados no evento foi a\u00a0intera\u00e7\u00e3o entre saber t\u00e9cnico e conhecimento tradicional. A s\u00e9rie documental \u201cEspelhos da Ba\u00eda\u201d, exibida no in\u00edcio do encontro, trouxe \u00e0 tona relatos de pescadores, l\u00edderes comunit\u00e1rios e ambientalistas, humanizando o debate e evidenciando a\u00a0necessidade de escuta ativa das popula\u00e7\u00f5es que vivem da Ba\u00eda.<\/p>\n<p class=\"\" data-start=\"2460\" data-end=\"2813\">A presen\u00e7a de representantes da\u00a0sociedade civil organizada, empresas mar\u00edtimas, universidades e entidades ambientais\u00a0criou um ambiente de troca qualificada e respeito m\u00fatuo. A ideia de \u201cgovernan\u00e7a compartilhada\u201d foi interpretada n\u00e3o apenas como diretriz administrativa, mas como\u00a0postura \u00e9tica diante de um patrim\u00f4nio natural e cultural coletivo.<\/p>\n<p class=\"\" data-start=\"2815\" data-end=\"3142\">Projetos como o\u00a0Projeto Grael, BR Marinas, Associa\u00e7\u00e3o de Turismo N\u00e1utico e SINDARIO marcaram presen\u00e7a, reafirmando que\u00a0a sustentabilidade da Ba\u00eda de Guanabara s\u00f3 ser\u00e1 poss\u00edvel com alian\u00e7as s\u00f3lidas e objetivos comuns. O evento evidenciou que a for\u00e7a do di\u00e1logo est\u00e1 em conectar vis\u00f5es distintas em torno de um bem comum.<\/p>\n<h3 class=\"\" data-start=\"3149\" data-end=\"3213\"><strong data-start=\"3153\" data-end=\"3213\">A Ba\u00eda como eixo estrat\u00e9gico da soberania e da cidadania<\/strong><\/h3>\n<p class=\"\" data-start=\"3215\" data-end=\"3541\">A Ba\u00eda de Guanabara \u00e9 mais do que uma paisagem deslumbrante: \u00e9 um\u00a0territ\u00f3rio estrat\u00e9gico para a seguran\u00e7a, a economia e a cultura do\u00a0Brasil. Sua relev\u00e2ncia vai al\u00e9m da navega\u00e7\u00e3o e do com\u00e9rcio \u2014 est\u00e1 ligada \u00e0 identidade do povo fluminense, ao turismo internacional, ao transporte p\u00fablico aquavi\u00e1rio e \u00e0 pesquisa cient\u00edfica.<\/p>\n<p class=\"\" data-start=\"3543\" data-end=\"3957\">Ao assumir a lideran\u00e7a do evento, a\u00a0Marinha do Brasil\u00a0refor\u00e7ou seu papel como institui\u00e7\u00e3o que vai al\u00e9m da Defesa, atuando tamb\u00e9m como\u00a0guardi\u00e3o dos mares, promotor da educa\u00e7\u00e3o ambiental e facilitador do di\u00e1logo interinstitucional. A atua\u00e7\u00e3o da Capitania dos Portos do Rio de Janeiro reafirma o compromisso da Autoridade Mar\u00edtima com uma\u00a0gest\u00e3o respons\u00e1vel e colaborativa\u00a0dos recursos h\u00eddricos nacionais.<\/p>\n<p class=\"\" data-start=\"3959\" data-end=\"4275\">O debate sobre a Ba\u00eda de Guanabara se insere em uma agenda maior de desenvolvimento sustent\u00e1vel, onde o equil\u00edbrio entre crescimento, preserva\u00e7\u00e3o e justi\u00e7a social deve guiar todas as decis\u00f5es. Com iniciativas como essa, o Brasil se aproxima de um\u00a0modelo de governan\u00e7a costeira mais moderno, democr\u00e1tico e eficaz.<\/p>\n<p data-start=\"3959\" data-end=\"4275\">Fonte: Defesa em Foco<\/p>\n","protected":false},"excerpt":{"rendered":"<p>A Ba\u00eda de Guanabara, porto natural de valor inestim\u00e1vel, foi o centro de um evento estrat\u00e9gico promovido em 9 de abril pela\u00a0Capitania dos Portos do&#8230;<\/p>\n","protected":false},"author":1527,"featured_media":58556,"comment_status":"closed","ping_status":"closed","sticky":false,"template":"","format":"standard","meta":{"footnotes":""},"categories":[6],"tags":[],"class_list":["post-58554","post","type-post","status-publish","format-standard","has-post-thumbnail","hentry","category-noticias"],"_links":{"self":[{"href":"https:\/\/www.sincomam.org.br\/index.php\/wp-json\/wp\/v2\/posts\/58554","targetHints":{"allow":["GET"]}}],"collection":[{"href":"https:\/\/www.sincomam.org.br\/index.php\/wp-json\/wp\/v2\/posts"}],"about":[{"href":"https:\/\/www.sincomam.org.br\/index.php\/wp-json\/wp\/v2\/types\/post"}],"author":[{"embeddable":true,"href":"https:\/\/www.sincomam.org.br\/index.php\/wp-json\/wp\/v2\/users\/1527"}],"replies":[{"embeddable":true,"href":"https:\/\/www.sincomam.org.br\/index.php\/wp-json\/wp\/v2\/comments?post=58554"}],"version-history":[{"count":1,"href":"https:\/\/www.sincomam.org.br\/index.php\/wp-json\/wp\/v2\/posts\/58554\/revisions"}],"predecessor-version":[{"id":58557,"href":"https:\/\/www.sincomam.org.br\/index.php\/wp-json\/wp\/v2\/posts\/58554\/revisions\/58557"}],"wp:featuredmedia":[{"embeddable":true,"href":"https:\/\/www.sincomam.org.br\/index.php\/wp-json\/wp\/v2\/media\/58556"}],"wp:attachment":[{"href":"https:\/\/www.sincomam.org.br\/index.php\/wp-json\/wp\/v2\/media?parent=58554"}],"wp:term":[{"taxonomy":"category","embeddable":true,"href":"https:\/\/www.sincomam.org.br\/index.php\/wp-json\/wp\/v2\/categories?post=58554"},{"taxonomy":"post_tag","embeddable":true,"href":"https:\/\/www.sincomam.org.br\/index.php\/wp-json\/wp\/v2\/tags?post=58554"}],"curies":[{"name":"wp","href":"https:\/\/api.w.org\/{rel}","templated":true}]}}