{"id":58550,"date":"2025-04-17T11:24:47","date_gmt":"2025-04-17T14:24:47","guid":{"rendered":"https:\/\/www.sincomam.org.br\/?p=58550"},"modified":"2025-04-17T11:24:47","modified_gmt":"2025-04-17T14:24:47","slug":"capitania-dos-portos-do-rio-de-janeiro-registra-embarcacoes-sem-tripulantes-em-operacao-inedita","status":"publish","type":"post","link":"https:\/\/www.sincomam.org.br\/index.php\/capitania-dos-portos-do-rio-de-janeiro-registra-embarcacoes-sem-tripulantes-em-operacao-inedita\/","title":{"rendered":"Capitania dos Portos do Rio de Janeiro registra embarca\u00e7\u00f5es sem tripulantes em opera\u00e7\u00e3o in\u00e9dita"},"content":{"rendered":"<p class=\"\" data-start=\"254\" data-end=\"737\">Em um movimento in\u00e9dito no pa\u00eds, a\u00a0Capitania dos Portos do Rio de Janeiro (CPRJ)\u00a0realizou a inscri\u00e7\u00e3o das primeiras\u00a0embarca\u00e7\u00f5es aut\u00f4nomas, capazes de operar\u00a0sem tripula\u00e7\u00e3o a bordo. O marco representa um salto tecnol\u00f3gico no setor mar\u00edtimo nacional, com impacto direto na\u00a0seguran\u00e7a, efici\u00eancia e sustentabilidade das opera\u00e7\u00f5es navais. Com apoio do\u00a0Com1\u00baDN\u00a0e da\u00a0Diretoria de Portos e Costas, a a\u00e7\u00e3o alinha o Brasil \u00e0s pr\u00e1ticas internacionais mais avan\u00e7adas.<\/p>\n<h3 class=\"\" data-start=\"744\" data-end=\"809\"><strong data-start=\"748\" data-end=\"809\">Tecnologia de ponta sob supervis\u00e3o da Autoridade Mar\u00edtima<\/strong><\/h3>\n<p class=\"\" data-start=\"811\" data-end=\"1202\">A CPRJ inscreveu inicialmente\u00a0duas embarca\u00e7\u00f5es brasileiras\u00a0voltadas para opera\u00e7\u00f5es comerciais e de apoio mar\u00edtimo. Esses sistemas navais n\u00e3o tripulados s\u00e3o capazes de realizar atividades como\u00a0levantamento hidrogr\u00e1fico, transporte de carga, monitoramento ambiental, inspe\u00e7\u00f5es submarinas e manuten\u00e7\u00e3o de infraestruturas\u00a0\u2014 tudo de forma remota ou aut\u00f4noma, com elevado grau de precis\u00e3o.<\/p>\n<p class=\"\" data-start=\"1204\" data-end=\"1477\">Uma terceira embarca\u00e7\u00e3o, oriunda do\u00a0Reino Unido, tamb\u00e9m foi registrada \u2014 tornando-se a\u00a0primeira embarca\u00e7\u00e3o aut\u00f4noma estrangeira reconhecida oficialmente pelo Tribunal Mar\u00edtimo no\u00a0Brasil, ap\u00f3s emiss\u00e3o do Atestado de Inscri\u00e7\u00e3o Tempor\u00e1ria e da Certid\u00e3o de Capacita\u00e7\u00e3o.<\/p>\n<div class=\"td-a-rec td-a-rec-id-content_inline  tdi_2 td_block_template_11\"><\/div>\n<p class=\"\" data-start=\"1479\" data-end=\"1830\">A\u00a0autoriza\u00e7\u00e3o da Marinha\u00a0estabelece diretrizes r\u00edgidas de seguran\u00e7a, controle e rastreamento, assegurando que esses ve\u00edculos operem de maneira integrada ao sistema de tr\u00e1fego mar\u00edtimo e sem riscos \u00e0 navega\u00e7\u00e3o tradicional. Outras\u00a0duas embarca\u00e7\u00f5es aut\u00f4nomas est\u00e3o em an\u00e1lise documental, o que indica uma tend\u00eancia crescente de inova\u00e7\u00e3o no setor.<\/p>\n<h3 class=\"\" data-start=\"1837\" data-end=\"1893\"><strong data-start=\"1841\" data-end=\"1893\">Inova\u00e7\u00e3o com impacto social e ambiental positivo<\/strong><\/h3>\n<p class=\"\" data-start=\"1895\" data-end=\"2317\">Al\u00e9m do avan\u00e7o tecnol\u00f3gico, as embarca\u00e7\u00f5es aut\u00f4nomas oferecem\u00a0ganhos importantes para a sociedade, principalmente nas \u00e1reas de\u00a0prote\u00e7\u00e3o ambiental, log\u00edstica eficiente e redu\u00e7\u00e3o de riscos humanos\u00a0em opera\u00e7\u00f5es de alto risco. A possibilidade de realizar miss\u00f5es em \u00e1reas de dif\u00edcil acesso ou insalubres sem expor tripulantes amplia a capacidade de resposta em emerg\u00eancias e em monitoramento de ecossistemas sens\u00edveis.<\/p>\n<p class=\"\" data-start=\"2319\" data-end=\"2574\">O uso desses meios em\u00a0opera\u00e7\u00f5es de fiscaliza\u00e7\u00e3o, mapeamento costeiro e apoio portu\u00e1rio\u00a0tamb\u00e9m representa uma oportunidade para\u00a0parcerias p\u00fablico-privadas, com impacto direto na economia azul e no desenvolvimento de solu\u00e7\u00f5es de engenharia nacional.<\/p>\n<p class=\"\" data-start=\"2576\" data-end=\"2856\">Esses ve\u00edculos refor\u00e7am o compromisso da Marinha com a\u00a0sustentabilidade e a moderniza\u00e7\u00e3o da frota, ao mesmo tempo em que inspiram novos modelos de forma\u00e7\u00e3o profissional e capacita\u00e7\u00e3o t\u00e9cnica para uma gera\u00e7\u00e3o de operadores, engenheiros e gestores navais voltados \u00e0 era digital.<\/p>\n<h3 class=\"\" data-start=\"2863\" data-end=\"2915\"><strong data-start=\"2867\" data-end=\"2915\">Brasil na vanguarda da navega\u00e7\u00e3o inteligente<\/strong><\/h3>\n<p class=\"\" data-start=\"2917\" data-end=\"3229\">Com esse passo, o Brasil ingressa no seleto grupo de pa\u00edses que j\u00e1 operam\u00a0embarca\u00e7\u00f5es aut\u00f4nomas legalmente reconhecidas e regulamentadas. A medida \u00e9 estrat\u00e9gica e coloca a\u00a0Autoridade Mar\u00edtima nacional em sintonia com os grandes polos de inova\u00e7\u00e3o global, como Noruega, Reino Unido, Jap\u00e3o e Estados Unidos.<\/p>\n<p class=\"\" data-start=\"3231\" data-end=\"3577\">A inscri\u00e7\u00e3o das embarca\u00e7\u00f5es pela\u00a0Capitania dos Portos do Rio de Janeiro, \u00e1rea sob jurisdi\u00e7\u00e3o do\u00a0Comando do 1\u00ba Distrito Naval, sinaliza o fortalecimento do eixo Rio como\u00a0hub nacional de tecnologia naval e mar\u00edtima, abrindo caminho para o desenvolvimento de novos neg\u00f3cios, startups e testes de campo voltados \u00e0 navega\u00e7\u00e3o n\u00e3o tripulada.<\/p>\n<p class=\"\" data-start=\"3579\" data-end=\"3889\">Mais do que registrar embarca\u00e7\u00f5es, a\u00a0Marinha do Brasil\u00a0envia um recado claro: o pa\u00eds est\u00e1 preparado para os\u00a0desafios da revolu\u00e7\u00e3o tecnol\u00f3gica nos mares, com estrutura normativa, capacidade institucional e vis\u00e3o de futuro. O oceano do amanh\u00e3 j\u00e1 come\u00e7a a ser mapeado \u2014 e ele \u00e9 inteligente, seguro e aut\u00f4nomo.<\/p>\n<p data-start=\"3579\" data-end=\"3889\">Fonte: Defesa em Foco<\/p>\n","protected":false},"excerpt":{"rendered":"<p>Em um movimento in\u00e9dito no pa\u00eds, a\u00a0Capitania dos Portos do Rio de Janeiro (CPRJ)\u00a0realizou a inscri\u00e7\u00e3o das primeiras\u00a0embarca\u00e7\u00f5es aut\u00f4nomas, capazes de operar\u00a0sem tripula\u00e7\u00e3o a bordo&#8230;.<\/p>\n","protected":false},"author":1527,"featured_media":58552,"comment_status":"closed","ping_status":"closed","sticky":false,"template":"","format":"standard","meta":{"footnotes":""},"categories":[6],"tags":[],"class_list":["post-58550","post","type-post","status-publish","format-standard","has-post-thumbnail","hentry","category-noticias"],"_links":{"self":[{"href":"https:\/\/www.sincomam.org.br\/index.php\/wp-json\/wp\/v2\/posts\/58550","targetHints":{"allow":["GET"]}}],"collection":[{"href":"https:\/\/www.sincomam.org.br\/index.php\/wp-json\/wp\/v2\/posts"}],"about":[{"href":"https:\/\/www.sincomam.org.br\/index.php\/wp-json\/wp\/v2\/types\/post"}],"author":[{"embeddable":true,"href":"https:\/\/www.sincomam.org.br\/index.php\/wp-json\/wp\/v2\/users\/1527"}],"replies":[{"embeddable":true,"href":"https:\/\/www.sincomam.org.br\/index.php\/wp-json\/wp\/v2\/comments?post=58550"}],"version-history":[{"count":1,"href":"https:\/\/www.sincomam.org.br\/index.php\/wp-json\/wp\/v2\/posts\/58550\/revisions"}],"predecessor-version":[{"id":58553,"href":"https:\/\/www.sincomam.org.br\/index.php\/wp-json\/wp\/v2\/posts\/58550\/revisions\/58553"}],"wp:featuredmedia":[{"embeddable":true,"href":"https:\/\/www.sincomam.org.br\/index.php\/wp-json\/wp\/v2\/media\/58552"}],"wp:attachment":[{"href":"https:\/\/www.sincomam.org.br\/index.php\/wp-json\/wp\/v2\/media?parent=58550"}],"wp:term":[{"taxonomy":"category","embeddable":true,"href":"https:\/\/www.sincomam.org.br\/index.php\/wp-json\/wp\/v2\/categories?post=58550"},{"taxonomy":"post_tag","embeddable":true,"href":"https:\/\/www.sincomam.org.br\/index.php\/wp-json\/wp\/v2\/tags?post=58550"}],"curies":[{"name":"wp","href":"https:\/\/api.w.org\/{rel}","templated":true}]}}