{"id":58542,"date":"2025-04-17T10:20:21","date_gmt":"2025-04-17T13:20:21","guid":{"rendered":"https:\/\/www.sincomam.org.br\/?p=58542"},"modified":"2025-04-17T10:20:21","modified_gmt":"2025-04-17T13:20:21","slug":"ministro-dos-portos-defende-modernizacao-da-lei-de-concessoes-com-foco-em-sustentabilidade-e-seguros","status":"publish","type":"post","link":"https:\/\/www.sincomam.org.br\/index.php\/ministro-dos-portos-defende-modernizacao-da-lei-de-concessoes-com-foco-em-sustentabilidade-e-seguros\/","title":{"rendered":"Ministro dos Portos defende moderniza\u00e7\u00e3o da lei de concess\u00f5es com foco em sustentabilidade e seguros"},"content":{"rendered":"<p>O ministro de Portos e Aeroportos, Silvio Costa Filho, defendeu, na \u00faltima ter\u00e7a-feira (15), a necessidade de moderniza\u00e7\u00e3o da legisla\u00e7\u00e3o sobre concess\u00f5es p\u00fablico-privadas, com destaque para a inclus\u00e3o da agenda de sustentabilidade e o debate sobre os seguros das concess\u00f5es j\u00e1 realizadas. A declara\u00e7\u00e3o foi feita durante o evento \u201cFuturo das Concess\u00f5es e PPPs\u201d, promovido pela Ag\u00eancia iNFRA. Segundo o ministro, muitas concess\u00f5es anteriores foram realizadas sem planejamento estrat\u00e9gico, sendo essencial analisar o passado e preparar as novas concess\u00f5es para os desafios ambientais futuros.<\/p>\n<p>A discuss\u00e3o ocorre no contexto do projeto de lei 7.063\/2017, que prop\u00f5e altera\u00e7\u00f5es \u00e0 Lei 11.079\/2004 e busca estabelecer maior seguran\u00e7a jur\u00eddica e previsibilidade para investidores. Costa Filho destacou que o Brasil vive o maior volume de concess\u00f5es da sua hist\u00f3ria e ressaltou a import\u00e2ncia de um pacto nacional de apoio \u00e0 pauta para ampliar investimentos, gera\u00e7\u00e3o de emprego e renda. Em 2025, est\u00e3o previstos 21 arrendamentos e uma concess\u00e3o no setor portu\u00e1rio, somando R$ 19,85 bilh\u00f5es, al\u00e9m da expans\u00e3o da infraestrutura regional via programa AmpliAR, que contemplar\u00e1 aer\u00f3dromos estrat\u00e9gicos na Amaz\u00f4nia Legal e no Nordeste.<\/p>\n<p>Fonte: Portos e Navios<\/p>\n","protected":false},"excerpt":{"rendered":"<p>O ministro de Portos e Aeroportos, Silvio Costa Filho, defendeu, na \u00faltima ter\u00e7a-feira (15), a necessidade de moderniza\u00e7\u00e3o da legisla\u00e7\u00e3o sobre concess\u00f5es p\u00fablico-privadas, com destaque&#8230;<\/p>\n","protected":false},"author":1527,"featured_media":58544,"comment_status":"closed","ping_status":"closed","sticky":false,"template":"","format":"standard","meta":{"footnotes":""},"categories":[6],"tags":[],"class_list":["post-58542","post","type-post","status-publish","format-standard","has-post-thumbnail","hentry","category-noticias"],"_links":{"self":[{"href":"https:\/\/www.sincomam.org.br\/index.php\/wp-json\/wp\/v2\/posts\/58542","targetHints":{"allow":["GET"]}}],"collection":[{"href":"https:\/\/www.sincomam.org.br\/index.php\/wp-json\/wp\/v2\/posts"}],"about":[{"href":"https:\/\/www.sincomam.org.br\/index.php\/wp-json\/wp\/v2\/types\/post"}],"author":[{"embeddable":true,"href":"https:\/\/www.sincomam.org.br\/index.php\/wp-json\/wp\/v2\/users\/1527"}],"replies":[{"embeddable":true,"href":"https:\/\/www.sincomam.org.br\/index.php\/wp-json\/wp\/v2\/comments?post=58542"}],"version-history":[{"count":1,"href":"https:\/\/www.sincomam.org.br\/index.php\/wp-json\/wp\/v2\/posts\/58542\/revisions"}],"predecessor-version":[{"id":58545,"href":"https:\/\/www.sincomam.org.br\/index.php\/wp-json\/wp\/v2\/posts\/58542\/revisions\/58545"}],"wp:featuredmedia":[{"embeddable":true,"href":"https:\/\/www.sincomam.org.br\/index.php\/wp-json\/wp\/v2\/media\/58544"}],"wp:attachment":[{"href":"https:\/\/www.sincomam.org.br\/index.php\/wp-json\/wp\/v2\/media?parent=58542"}],"wp:term":[{"taxonomy":"category","embeddable":true,"href":"https:\/\/www.sincomam.org.br\/index.php\/wp-json\/wp\/v2\/categories?post=58542"},{"taxonomy":"post_tag","embeddable":true,"href":"https:\/\/www.sincomam.org.br\/index.php\/wp-json\/wp\/v2\/tags?post=58542"}],"curies":[{"name":"wp","href":"https:\/\/api.w.org\/{rel}","templated":true}]}}