{"id":58538,"date":"2025-04-17T10:18:38","date_gmt":"2025-04-17T13:18:38","guid":{"rendered":"https:\/\/www.sincomam.org.br\/?p=58538"},"modified":"2025-04-17T10:18:38","modified_gmt":"2025-04-17T13:18:38","slug":"omc-preve-retracao-no-comercio-global-em-2025-e-alerta-para-impacto-das-tarifas","status":"publish","type":"post","link":"https:\/\/www.sincomam.org.br\/index.php\/omc-preve-retracao-no-comercio-global-em-2025-e-alerta-para-impacto-das-tarifas\/","title":{"rendered":"OMC prev\u00ea retra\u00e7\u00e3o no com\u00e9rcio global em 2025 e alerta para impacto das tarifas"},"content":{"rendered":"<p>O volume do com\u00e9rcio mundial de mercadorias dever\u00e1 encolher 0,2% em 2025 nas condi\u00e7\u00f5es atuais, segundo o mais recente relat\u00f3rio da Organiza\u00e7\u00e3o Mundial do Com\u00e9rcio (OMC), divulgado nesta quarta-feira (16). A proje\u00e7\u00e3o \u00e9 quase tr\u00eas pontos percentuais abaixo do esperado em um cen\u00e1rio de tarifas baixas. Caso se intensifiquem as tens\u00f5es comerciais e se reinstalem tarifas rec\u00edprocas, a retra\u00e7\u00e3o poder\u00e1 chegar a 1,5%. A diretora-geral da OMC, Ngozi Okonjo-Iweala, destacou a preocupa\u00e7\u00e3o com o impasse tarif\u00e1rio entre Estados Unidos e China e os riscos que a incerteza na pol\u00edtica comercial representa para o crescimento global, especialmente em economias mais vulner\u00e1veis. Em 2025, as exporta\u00e7\u00f5es da Am\u00e9rica do Norte devem cair 12,6%, com importa\u00e7\u00f5es recuando 9,6%, influenciando negativamente o com\u00e9rcio global.<\/p>\n<p>Em contrapartida, \u00c1sia e Europa devem apresentar crescimento modesto. O desvio de com\u00e9rcio causado pelas tens\u00f5es entre EUA e China pode beneficiar pa\u00edses menos desenvolvidos, especialmente exportadores de t\u00eaxteis e eletr\u00f4nicos. O com\u00e9rcio de servi\u00e7os, que cresceu 9% em 2024, tamb\u00e9m deve sentir os efeitos das tarifas sobre bens, com crescimento global previsto de 4,0% em 2025, ritmo mais lento que o inicialmente estimado. As previs\u00f5es s\u00e3o mais otimistas para Europa e \u00c1sia, enquanto Am\u00e9rica do Norte, Oriente M\u00e9dio, \u00c1frica e Am\u00e9rica Latina devem enfrentar desacelera\u00e7\u00e3o ou queda nas exporta\u00e7\u00f5es de servi\u00e7os. A OMC refor\u00e7a que o atual cen\u00e1rio demanda uma revis\u00e3o urgente dos acordos comerciais para garantir maior previsibilidade e competitividade no com\u00e9rcio global.<\/p>\n<p>Fonte: Portos e Navios<\/p>\n","protected":false},"excerpt":{"rendered":"<p>O volume do com\u00e9rcio mundial de mercadorias dever\u00e1 encolher 0,2% em 2025 nas condi\u00e7\u00f5es atuais, segundo o mais recente relat\u00f3rio da Organiza\u00e7\u00e3o Mundial do Com\u00e9rcio&#8230;<\/p>\n","protected":false},"author":1527,"featured_media":58540,"comment_status":"closed","ping_status":"closed","sticky":false,"template":"","format":"standard","meta":{"footnotes":""},"categories":[6],"tags":[],"class_list":["post-58538","post","type-post","status-publish","format-standard","has-post-thumbnail","hentry","category-noticias"],"_links":{"self":[{"href":"https:\/\/www.sincomam.org.br\/index.php\/wp-json\/wp\/v2\/posts\/58538","targetHints":{"allow":["GET"]}}],"collection":[{"href":"https:\/\/www.sincomam.org.br\/index.php\/wp-json\/wp\/v2\/posts"}],"about":[{"href":"https:\/\/www.sincomam.org.br\/index.php\/wp-json\/wp\/v2\/types\/post"}],"author":[{"embeddable":true,"href":"https:\/\/www.sincomam.org.br\/index.php\/wp-json\/wp\/v2\/users\/1527"}],"replies":[{"embeddable":true,"href":"https:\/\/www.sincomam.org.br\/index.php\/wp-json\/wp\/v2\/comments?post=58538"}],"version-history":[{"count":1,"href":"https:\/\/www.sincomam.org.br\/index.php\/wp-json\/wp\/v2\/posts\/58538\/revisions"}],"predecessor-version":[{"id":58541,"href":"https:\/\/www.sincomam.org.br\/index.php\/wp-json\/wp\/v2\/posts\/58538\/revisions\/58541"}],"wp:featuredmedia":[{"embeddable":true,"href":"https:\/\/www.sincomam.org.br\/index.php\/wp-json\/wp\/v2\/media\/58540"}],"wp:attachment":[{"href":"https:\/\/www.sincomam.org.br\/index.php\/wp-json\/wp\/v2\/media?parent=58538"}],"wp:term":[{"taxonomy":"category","embeddable":true,"href":"https:\/\/www.sincomam.org.br\/index.php\/wp-json\/wp\/v2\/categories?post=58538"},{"taxonomy":"post_tag","embeddable":true,"href":"https:\/\/www.sincomam.org.br\/index.php\/wp-json\/wp\/v2\/tags?post=58538"}],"curies":[{"name":"wp","href":"https:\/\/api.w.org\/{rel}","templated":true}]}}