{"id":58526,"date":"2025-04-16T09:55:10","date_gmt":"2025-04-16T12:55:10","guid":{"rendered":"https:\/\/www.sincomam.org.br\/?p=58526"},"modified":"2025-04-16T09:55:10","modified_gmt":"2025-04-16T12:55:10","slug":"comitiva-da-antaq-realiza-visita-tecnica-sobre-megaterminal-no-porto-de-santos-sp","status":"publish","type":"post","link":"https:\/\/www.sincomam.org.br\/index.php\/comitiva-da-antaq-realiza-visita-tecnica-sobre-megaterminal-no-porto-de-santos-sp\/","title":{"rendered":"Comitiva da ANTAQ realiza visita t\u00e9cnica sobre megaterminal no Porto de Santos (SP)"},"content":{"rendered":"<p>Nos dias 14 e 15 de abril, a diretoria colegiada da Ag\u00eancia Nacional de Transportes Aquavi\u00e1rios (ANTAQ) liderou uma comitiva que participou de uma s\u00e9rie de atividades t\u00e9cnicas no Porto de Santos (SP). O foco foi o projeto do Tecon Santos 10 \u2014 futuro megaterminal de cont\u00eaineres com potencial para dobrar a capacidade nacional de movimenta\u00e7\u00e3o desse tipo de carga.<\/p>\n<p>A visita ocorreu ap\u00f3s a realiza\u00e7\u00e3o da Audi\u00eancia P\u00fablica n\u00ba 02\/2025, promovida em 18 de mar\u00e7o, que recebeu 24 contribui\u00e7\u00f5es voltadas ao aprimoramento dos documentos t\u00e9cnicos e jur\u00eddicos do processo licitat\u00f3rio para o arrendamento do novo terminal.<\/p>\n<p>A agenda teve in\u00edcio na manh\u00e3 de segunda-feira (14), com reuni\u00e3o com o presidente da Autoridade Portu\u00e1ria de Santos (APS), Anderson Pomini. Em seguida, a comitiva reuniu-se com representantes das empresas MOVECTA S.A., Bandeirantes Deicmar, MARIMEX e Multilog. Ainda no mesmo dia, ocorreram encontros com a Cecaf\u00e9, Santos Brasil e DP World.<\/p>\n<p>Na ter\u00e7a-feira (15), os compromissos continuaram com a Brasil Terminal Portu\u00e1rio (BTP) e a Ecoporto Santos. No encerramento da programa\u00e7\u00e3o, foi realizada uma visita t\u00e9cnica embarcada ao longo do Porto de Santos, que permitiu a vistoria da infraestrutura portu\u00e1ria, com destaque para a regi\u00e3o do Sabo\u00f3, na margem direita, onde est\u00e1 prevista a implanta\u00e7\u00e3o do Tecon Santos 10.<\/p>\n<p>Atenta \u00e0s contribui\u00e7\u00f5es recebidas durante a audi\u00eancia p\u00fablica, a diretoria da ANTAQ considerou essencial ouvir presencialmente os usu\u00e1rios do setor e compreender melhor suas demandas e expectativas.<\/p>\n<p>\u201cOptamos por iniciar esse di\u00e1logo com os usu\u00e1rios do porto, que s\u00e3o atores relevantes na din\u00e2mica local e ser\u00e3o diretamente impactados pelo projeto de arrendamento. Isso \u00e9 fundamental para garantir que as decis\u00f5es regulat\u00f3rias estejam alinhadas com a realidade da opera\u00e7\u00e3o portu\u00e1ria\u201d, destacou Caio Farias, diretor-geral substituto da ANTAQ.<\/p>\n<p>Tamb\u00e9m integraram a comitiva a diretora Fl\u00e1via Takafashi, o diretor Alber Vasconcelos e o secret\u00e1rio Nacional de Portos do Minist\u00e9rio de Portos e Aeroportos, Alex \u00c1vila.<\/p>\n<p>Participaram ainda o superintendente de Regula\u00e7\u00e3o da ANTAQ, Jos\u00e9 Renato Fialho; o secret\u00e1rio especial substituto de Licita\u00e7\u00f5es e Concess\u00f5es, Jo\u00e3o Paulo Barbieri; o gerente regional de Santos, Guilherme Silva; e o assessor da diretoria, Luiz Scarduelli. Pelo Minist\u00e9rio de Portos e Aeroportos, comp\u00f4s o grupo o diretor do Departamento de Novas Outorgas e Pol\u00edticas Regulat\u00f3rias Portu\u00e1rias, Bruno Neri.<\/p>\n<p>Fonte: Antaq<\/p>\n","protected":false},"excerpt":{"rendered":"<p>Nos dias 14 e 15 de abril, a diretoria colegiada da Ag\u00eancia Nacional de Transportes Aquavi\u00e1rios (ANTAQ) liderou uma comitiva que participou de uma s\u00e9rie&#8230;<\/p>\n","protected":false},"author":1527,"featured_media":58528,"comment_status":"closed","ping_status":"closed","sticky":false,"template":"","format":"standard","meta":{"footnotes":""},"categories":[6],"tags":[],"class_list":["post-58526","post","type-post","status-publish","format-standard","has-post-thumbnail","hentry","category-noticias"],"_links":{"self":[{"href":"https:\/\/www.sincomam.org.br\/index.php\/wp-json\/wp\/v2\/posts\/58526","targetHints":{"allow":["GET"]}}],"collection":[{"href":"https:\/\/www.sincomam.org.br\/index.php\/wp-json\/wp\/v2\/posts"}],"about":[{"href":"https:\/\/www.sincomam.org.br\/index.php\/wp-json\/wp\/v2\/types\/post"}],"author":[{"embeddable":true,"href":"https:\/\/www.sincomam.org.br\/index.php\/wp-json\/wp\/v2\/users\/1527"}],"replies":[{"embeddable":true,"href":"https:\/\/www.sincomam.org.br\/index.php\/wp-json\/wp\/v2\/comments?post=58526"}],"version-history":[{"count":1,"href":"https:\/\/www.sincomam.org.br\/index.php\/wp-json\/wp\/v2\/posts\/58526\/revisions"}],"predecessor-version":[{"id":58529,"href":"https:\/\/www.sincomam.org.br\/index.php\/wp-json\/wp\/v2\/posts\/58526\/revisions\/58529"}],"wp:featuredmedia":[{"embeddable":true,"href":"https:\/\/www.sincomam.org.br\/index.php\/wp-json\/wp\/v2\/media\/58528"}],"wp:attachment":[{"href":"https:\/\/www.sincomam.org.br\/index.php\/wp-json\/wp\/v2\/media?parent=58526"}],"wp:term":[{"taxonomy":"category","embeddable":true,"href":"https:\/\/www.sincomam.org.br\/index.php\/wp-json\/wp\/v2\/categories?post=58526"},{"taxonomy":"post_tag","embeddable":true,"href":"https:\/\/www.sincomam.org.br\/index.php\/wp-json\/wp\/v2\/tags?post=58526"}],"curies":[{"name":"wp","href":"https:\/\/api.w.org\/{rel}","templated":true}]}}