{"id":58522,"date":"2025-04-16T09:52:44","date_gmt":"2025-04-16T12:52:44","guid":{"rendered":"https:\/\/www.sincomam.org.br\/?p=58522"},"modified":"2025-04-16T09:52:44","modified_gmt":"2025-04-16T12:52:44","slug":"governo-propoe-salario-minimo-de-r-1-630-em-2026","status":"publish","type":"post","link":"https:\/\/www.sincomam.org.br\/index.php\/governo-propoe-salario-minimo-de-r-1-630-em-2026\/","title":{"rendered":"Governo prop\u00f5e sal\u00e1rio m\u00ednimo de R$ 1.630 em 2026"},"content":{"rendered":"<p>O sal\u00e1rio m\u00ednimo em 2026 dever\u00e1 ser de R$ 1.630, com aumento nominal de 7,37%. O reajuste consta do Projeto da Lei de Diretrizes Or\u00e7ament\u00e1rias (PLDO) de 2026, enviado nesta ter\u00e7a-feira (15) ao Congresso Nacional.<img decoding=\"async\" src=\"https:\/\/agenciabrasil.ebc.com.br\/ebc.png?id=1639030&amp;o=node\" \/><img decoding=\"async\" src=\"https:\/\/agenciabrasil.ebc.com.br\/ebc.gif?id=1639030&amp;o=node\" \/><\/p>\n<p>Atualmente, o sal\u00e1rio m\u00ednimo est\u00e1 em R$ 1.518.\u00a0O reajuste segue a proje\u00e7\u00e3o de 4,76% para o \u00cdndice Nacional de Pre\u00e7os ao Consumidor (INPC) para os 12 meses terminados em novembro mais o teto de crescimento de gastos de 2,5% acima da infla\u00e7\u00e3o, determinado pelo arcabou\u00e7o fiscal. A estimativa para o INPC tamb\u00e9m consta do PLDO.<\/p>\n<p>O projeto tamb\u00e9m apresentou previs\u00f5es de R$ 1.724 para o sal\u00e1rio m\u00ednimo em 2027, de R$ 1.823 para 2028 e de R$ 1.925 para 2029.\u00a0As proje\u00e7\u00f5es s\u00e3o preliminares e ser\u00e3o revistas no PLDO dos pr\u00f3ximos anos.<\/p>\n<p>Em 2023, o sal\u00e1rio m\u00ednimo voltou a ser corrigido pelo INPC do ano anterior mais o crescimento do PIB, soma das riquezas produzidas pelo pa\u00eds, de dois anos antes. Essa f\u00f3rmula vigorou de 2006 a 2019. Por essa regra, o sal\u00e1rio m\u00ednimo aumentaria 3,4% acima do INPC.<\/p>\n<p>O\u00a0pacote de corte de gastos no ano passado,\u00a0no entanto, limitou o crescimento. Isso porque o sal\u00e1rio m\u00ednimo entrou nos limites do arcabou\u00e7o fiscal, que prev\u00ea crescimento real (acima da infla\u00e7\u00e3o) dos gastos entre 0,6% e 2,5%. Dessa forma, foi criada uma trava que reduziu o crescimento real de 3,4% para 2,5%.<\/p>\n<p>Segundo o Minist\u00e9rio do Planejamento e Or\u00e7amento, cada aumento de R$ 1 no sal\u00e1rio m\u00ednimo tem impacto de aproximadamente R$ 400 milh\u00f5es no Or\u00e7amento. Isso porque os benef\u00edcios da Previd\u00eancia Social, o abono salarial, o seguro-desemprego, o Benef\u00edcio de Presta\u00e7\u00e3o Continuada (BPC) e diversos gastos s\u00e3o atrelados \u00e0 varia\u00e7\u00e3o do m\u00ednimo. Na Previd\u00eancia Social, a conta considera uma alta de R$ 115,3 bilh\u00f5es nas despesas e ganhos de R$ 71,2 bilh\u00f5es na arrecada\u00e7\u00e3o.<\/p>\n<div class=\"noticias-relacionadas rel-position rowflex\">\n<div class=\"title abs-position\">Fonte: Ag\u00eancia Brasil<\/div>\n<\/div>\n","protected":false},"excerpt":{"rendered":"<p>O sal\u00e1rio m\u00ednimo em 2026 dever\u00e1 ser de R$ 1.630, com aumento nominal de 7,37%. O reajuste consta do Projeto da Lei de Diretrizes Or\u00e7ament\u00e1rias&#8230;<\/p>\n","protected":false},"author":1527,"featured_media":58524,"comment_status":"closed","ping_status":"closed","sticky":false,"template":"","format":"standard","meta":{"footnotes":""},"categories":[6],"tags":[],"class_list":["post-58522","post","type-post","status-publish","format-standard","has-post-thumbnail","hentry","category-noticias"],"_links":{"self":[{"href":"https:\/\/www.sincomam.org.br\/index.php\/wp-json\/wp\/v2\/posts\/58522","targetHints":{"allow":["GET"]}}],"collection":[{"href":"https:\/\/www.sincomam.org.br\/index.php\/wp-json\/wp\/v2\/posts"}],"about":[{"href":"https:\/\/www.sincomam.org.br\/index.php\/wp-json\/wp\/v2\/types\/post"}],"author":[{"embeddable":true,"href":"https:\/\/www.sincomam.org.br\/index.php\/wp-json\/wp\/v2\/users\/1527"}],"replies":[{"embeddable":true,"href":"https:\/\/www.sincomam.org.br\/index.php\/wp-json\/wp\/v2\/comments?post=58522"}],"version-history":[{"count":1,"href":"https:\/\/www.sincomam.org.br\/index.php\/wp-json\/wp\/v2\/posts\/58522\/revisions"}],"predecessor-version":[{"id":58525,"href":"https:\/\/www.sincomam.org.br\/index.php\/wp-json\/wp\/v2\/posts\/58522\/revisions\/58525"}],"wp:featuredmedia":[{"embeddable":true,"href":"https:\/\/www.sincomam.org.br\/index.php\/wp-json\/wp\/v2\/media\/58524"}],"wp:attachment":[{"href":"https:\/\/www.sincomam.org.br\/index.php\/wp-json\/wp\/v2\/media?parent=58522"}],"wp:term":[{"taxonomy":"category","embeddable":true,"href":"https:\/\/www.sincomam.org.br\/index.php\/wp-json\/wp\/v2\/categories?post=58522"},{"taxonomy":"post_tag","embeddable":true,"href":"https:\/\/www.sincomam.org.br\/index.php\/wp-json\/wp\/v2\/tags?post=58522"}],"curies":[{"name":"wp","href":"https:\/\/api.w.org\/{rel}","templated":true}]}}