{"id":58509,"date":"2025-04-16T08:16:48","date_gmt":"2025-04-16T11:16:48","guid":{"rendered":"https:\/\/www.sincomam.org.br\/?p=58509"},"modified":"2025-04-16T08:16:48","modified_gmt":"2025-04-16T11:16:48","slug":"log-in-amplia-rota-de-cabotagem-com-novo-navio-dedicado-a-regiao-norte","status":"publish","type":"post","link":"https:\/\/www.sincomam.org.br\/index.php\/log-in-amplia-rota-de-cabotagem-com-novo-navio-dedicado-a-regiao-norte\/","title":{"rendered":"Log-In amplia rota de cabotagem com novo navio dedicado \u00e0 regi\u00e3o Norte"},"content":{"rendered":"<p class=\"\" data-start=\"115\" data-end=\"1901\">A Log-In Log\u00edstica Integrada anunciou a expans\u00e3o de sua malha de cabotagem com a introdu\u00e7\u00e3o de um quarto navio na rota entre Manaus (AM) e os principais portos do Nordeste e Sudeste. A novidade, que entra em opera\u00e7\u00e3o em maio, representa um aumento de quase 30% na capacidade log\u00edstica da empresa na regi\u00e3o Norte, fortalecendo sua presen\u00e7a na cabotagem e otimizando a distribui\u00e7\u00e3o de cargas de importa\u00e7\u00e3o com maior previsibilidade e efici\u00eancia. Com o novo navio, a Log-In passa a oferecer tr\u00eas sa\u00eddas semanais a partir de Manaus.<\/p>\n<p class=\"\" data-start=\"115\" data-end=\"1901\">Segundo o diretor comercial, Felipe Gurgel, o refor\u00e7o na frota pr\u00f3pria amplia a flexibilidade da malha e consolida a Log-In como provedora de solu\u00e7\u00f5es log\u00edsticas completas. A mudan\u00e7a foi poss\u00edvel gra\u00e7as \u00e0 evolu\u00e7\u00e3o das condi\u00e7\u00f5es operacionais nos principais portos do pa\u00eds, permitindo a realoca\u00e7\u00e3o de ativos para rotas com maior potencial de crescimento. Al\u00e9m do incremento de capacidade, a Log-In reafirma seu posicionamento como operadora log\u00edstica integrada, com solu\u00e7\u00f5es personalizadas que combinam transporte mar\u00edtimo, rodovi\u00e1rio, armazenagem e gest\u00e3o da cadeia de suprimentos.<\/p>\n<p class=\"\" data-start=\"115\" data-end=\"1901\">A empresa participar\u00e1 na semana que vem da Interlog Summit, com Andrea Sim\u00f5es no painel sobre ESG e estrat\u00e9gias corporativas. A Log-In opera com uma frota de nove navios porta-cont\u00eaineres, administra o Terminal de Vila Velha (TVV) e um terminal intermodal em Itaja\u00ed (SC). A Tecmar, com mais de 1.300 ve\u00edculos pr\u00f3prios e mais de 50 armaz\u00e9ns, complementa a estrutura da Log-In, unindo transporte rodovi\u00e1rio e mar\u00edtimo em uma solu\u00e7\u00e3o \u00fanica no Brasil.<\/p>\n<p data-start=\"115\" data-end=\"1901\">Fonte: Portos e Navios<\/p>\n","protected":false},"excerpt":{"rendered":"<p>A Log-In Log\u00edstica Integrada anunciou a expans\u00e3o de sua malha de cabotagem com a introdu\u00e7\u00e3o de um quarto navio na rota entre Manaus (AM) e&#8230;<\/p>\n","protected":false},"author":1527,"featured_media":58511,"comment_status":"closed","ping_status":"closed","sticky":false,"template":"","format":"standard","meta":{"footnotes":""},"categories":[6],"tags":[],"class_list":["post-58509","post","type-post","status-publish","format-standard","has-post-thumbnail","hentry","category-noticias"],"_links":{"self":[{"href":"https:\/\/www.sincomam.org.br\/index.php\/wp-json\/wp\/v2\/posts\/58509","targetHints":{"allow":["GET"]}}],"collection":[{"href":"https:\/\/www.sincomam.org.br\/index.php\/wp-json\/wp\/v2\/posts"}],"about":[{"href":"https:\/\/www.sincomam.org.br\/index.php\/wp-json\/wp\/v2\/types\/post"}],"author":[{"embeddable":true,"href":"https:\/\/www.sincomam.org.br\/index.php\/wp-json\/wp\/v2\/users\/1527"}],"replies":[{"embeddable":true,"href":"https:\/\/www.sincomam.org.br\/index.php\/wp-json\/wp\/v2\/comments?post=58509"}],"version-history":[{"count":1,"href":"https:\/\/www.sincomam.org.br\/index.php\/wp-json\/wp\/v2\/posts\/58509\/revisions"}],"predecessor-version":[{"id":58512,"href":"https:\/\/www.sincomam.org.br\/index.php\/wp-json\/wp\/v2\/posts\/58509\/revisions\/58512"}],"wp:featuredmedia":[{"embeddable":true,"href":"https:\/\/www.sincomam.org.br\/index.php\/wp-json\/wp\/v2\/media\/58511"}],"wp:attachment":[{"href":"https:\/\/www.sincomam.org.br\/index.php\/wp-json\/wp\/v2\/media?parent=58509"}],"wp:term":[{"taxonomy":"category","embeddable":true,"href":"https:\/\/www.sincomam.org.br\/index.php\/wp-json\/wp\/v2\/categories?post=58509"},{"taxonomy":"post_tag","embeddable":true,"href":"https:\/\/www.sincomam.org.br\/index.php\/wp-json\/wp\/v2\/tags?post=58509"}],"curies":[{"name":"wp","href":"https:\/\/api.w.org\/{rel}","templated":true}]}}