{"id":58494,"date":"2025-04-15T11:17:28","date_gmt":"2025-04-15T14:17:28","guid":{"rendered":"https:\/\/www.sincomam.org.br\/?p=58494"},"modified":"2025-04-15T11:58:40","modified_gmt":"2025-04-15T14:58:40","slug":"2o-forum-permanente-de-seguranca-da-navegacao-em-manaus","status":"publish","type":"post","link":"https:\/\/www.sincomam.org.br\/index.php\/2o-forum-permanente-de-seguranca-da-navegacao-em-manaus\/","title":{"rendered":"2\u00ba F\u00f3rum Permanente de Seguran\u00e7a da Navega\u00e7\u00e3o acontece em Manaus"},"content":{"rendered":"<p class=\"text-align-justify\">A 2\u00aa edi\u00e7\u00e3o do F\u00f3rum Permanente de Seguran\u00e7a da Navega\u00e7\u00e3o com o tema \u201cSeguran\u00e7a para os Transportadores Fluviais \u2013 Desafios na Regi\u00e3o Amaz\u00f4nica\u201d, o evento reuniu representantes de \u00f3rg\u00e3os p\u00fablicos, entidades e empresas privadas para debater ideias e propor solu\u00e7\u00f5es para os principais desafios da navega\u00e7\u00e3o na regi\u00e3o.<\/p>\n<p class=\"text-align-justify\">O Diretor de Portos e Costas da Marinha, Vice-Almirante Carlos Andr\u00e9 Coronha Macedo, realizou a abertura do F\u00f3rum por meio de videoconfer\u00eancia e destacou a import\u00e2ncia de fomentar as discuss\u00f5es acerca da Seguran\u00e7a da Navega\u00e7\u00e3o na regi\u00e3o amaz\u00f4nica, incluindo diversos atores efetivamente ligados \u00e0 \u00e1rea.<\/p>\n<p class=\"text-align-justify\">O Comandante do 9\u00ba Distrito Naval, Vice-Almirante Jo\u00e3o Alberto de Ara\u00fajo Lampert, explicou que a MB, como Autoridade Mar\u00edtima, estar\u00e1 sempre presente nessas discuss\u00f5es. \u201cO papel da Marinha do Brasil na regi\u00e3o amaz\u00f4nica tem como foco a garantia da soberania, a seguran\u00e7a da navega\u00e7\u00e3o e o apoio \u00e0s popula\u00e7\u00f5es ribeirinhas. Mas o fator da seguran\u00e7a de embarca\u00e7\u00f5es, que frequentemente sofrem com atentados e roubos armados, h\u00e1 de ser discutido de forma sin\u00e9rgica entre autoridades de Seguran\u00e7a P\u00fablica do n\u00edvel estadual e federal\u201d, ressaltou.<\/p>\n<p class=\"text-align-justify\">O Chefe do Estado-Maior do Comando do 9\u00ba Distrito Naval, Contra-Almirante S\u00e9rgio Tadeu Le\u00e3o Ros\u00e1rio, destacou que, \u00e0 medida que o desenvolvimento econ\u00f4mico da regi\u00e3o avan\u00e7a, surgem tamb\u00e9m novos desafios, como a implementa\u00e7\u00e3o de projetos estruturantes, a capacita\u00e7\u00e3o de m\u00e3o de obra, a seguran\u00e7a patrimonial e a prote\u00e7\u00e3o dos meios empregados na navega\u00e7\u00e3o, entre outros. \u201cA Marinha retomou as discuss\u00f5es relacionadas \u00e0 seguran\u00e7a por meio deste F\u00f3rum. \u00c9 a busca por uma sinergia, com a reuni\u00e3o desses atores, para encontrar solu\u00e7\u00f5es e discutir as quest\u00f5es t\u00e3o importantes para o desenvolvimento da regi\u00e3o. A Marinha funciona como uma catalisadora e essa atividade promove justamente essa integra\u00e7\u00e3o muito importante para nossa regi\u00e3o.\u201d<\/p>\n<h5 class=\"text-align-justify\">Programa\u00e7\u00e3o<\/h5>\n<p class=\"text-align-justify\">A abertura do F\u00f3rum foi realizada pelo Diretor de Portos e Costas da Marinha, Vice-Almirante \u00a0Andr\u00e9 \u00a0Macedo, seguida de um ciclo de palestras com representantes da Secretaria de Seguran\u00e7a P\u00fablica do Estado do Amazonas, da Federa\u00e7\u00e3o das Empresas de Navega\u00e7\u00e3o Aquavi\u00e1ria (FENAVEGA), do Comando da Flotilha do Amazonas, do Sindicato das Empresas de Navega\u00e7\u00e3o do Amazonas (Sindarma) e da empresa RDB Seguros.<\/p>\n<p class=\"text-align-justify\">\u201cQuero parabenizar a Marinha pela realiza\u00e7\u00e3o do F\u00f3rum, que aborda a seguran\u00e7a da navega\u00e7\u00e3o de forma abrangente, tratando n\u00e3o apenas da pirataria, mas tamb\u00e9m de quest\u00f5es de navegabilidade, com o objetivo de garantir uma navega\u00e7\u00e3o mais segura e eficiente\u201d, disse o Presidente da FENAVEGA, Raimundo Holanda.<\/p>\n<p class=\"text-align-justify\">\u201cEsse F\u00f3rum tem uma import\u00e2ncia muito grande para a navega\u00e7\u00e3o, porque a Marinha \u00e9 a principal parceira que os armadores t\u00eam, \u00e9 aquela que realmente vistoria e fiscaliza. Ent\u00e3o, essa parceria e essa iniciativa da Marinha de criar esse F\u00f3rum de Seguran\u00e7a \u00e9 de suma import\u00e2ncia para a navega\u00e7\u00e3o no Amazonas\u201d, declarou Galdino Alencar, Presidente do Sindarma.<\/p>\n<p class=\"text-align-justify\">O F\u00f3rum Permanente de Seguran\u00e7a da Navega\u00e7\u00e3o foi conclu\u00eddo com uma mesa redonda que abordou o tema \u201cA\u00e7\u00f5es Integradas para a Seguran\u00e7a nos Rios\u201d, com representantes da Marinha, das Secretarias de Seguran\u00e7a P\u00fablica e da Fazenda dos estados do Amazonas e de Rond\u00f4nia. Tamb\u00e9m foi elaborado um relat\u00f3rio com as principais ideias de a\u00e7\u00f5es integradas para a seguran\u00e7a nos rios, al\u00e9m de sugest\u00f5es de pol\u00edticas p\u00fablicas para fortalecer essa pauta.<\/p>\n<p>Fonte: Ag\u00eancia Marinha de Not\u00edcias<\/p>\n","protected":false},"excerpt":{"rendered":"<p>A 2\u00aa edi\u00e7\u00e3o do F\u00f3rum Permanente de Seguran\u00e7a da Navega\u00e7\u00e3o com o tema \u201cSeguran\u00e7a para os Transportadores Fluviais \u2013 Desafios na Regi\u00e3o Amaz\u00f4nica\u201d, o evento&#8230;<\/p>\n","protected":false},"author":1527,"featured_media":58496,"comment_status":"closed","ping_status":"closed","sticky":false,"template":"","format":"standard","meta":{"footnotes":""},"categories":[6],"tags":[],"class_list":["post-58494","post","type-post","status-publish","format-standard","has-post-thumbnail","hentry","category-noticias"],"_links":{"self":[{"href":"https:\/\/www.sincomam.org.br\/index.php\/wp-json\/wp\/v2\/posts\/58494","targetHints":{"allow":["GET"]}}],"collection":[{"href":"https:\/\/www.sincomam.org.br\/index.php\/wp-json\/wp\/v2\/posts"}],"about":[{"href":"https:\/\/www.sincomam.org.br\/index.php\/wp-json\/wp\/v2\/types\/post"}],"author":[{"embeddable":true,"href":"https:\/\/www.sincomam.org.br\/index.php\/wp-json\/wp\/v2\/users\/1527"}],"replies":[{"embeddable":true,"href":"https:\/\/www.sincomam.org.br\/index.php\/wp-json\/wp\/v2\/comments?post=58494"}],"version-history":[{"count":4,"href":"https:\/\/www.sincomam.org.br\/index.php\/wp-json\/wp\/v2\/posts\/58494\/revisions"}],"predecessor-version":[{"id":58500,"href":"https:\/\/www.sincomam.org.br\/index.php\/wp-json\/wp\/v2\/posts\/58494\/revisions\/58500"}],"wp:featuredmedia":[{"embeddable":true,"href":"https:\/\/www.sincomam.org.br\/index.php\/wp-json\/wp\/v2\/media\/58496"}],"wp:attachment":[{"href":"https:\/\/www.sincomam.org.br\/index.php\/wp-json\/wp\/v2\/media?parent=58494"}],"wp:term":[{"taxonomy":"category","embeddable":true,"href":"https:\/\/www.sincomam.org.br\/index.php\/wp-json\/wp\/v2\/categories?post=58494"},{"taxonomy":"post_tag","embeddable":true,"href":"https:\/\/www.sincomam.org.br\/index.php\/wp-json\/wp\/v2\/tags?post=58494"}],"curies":[{"name":"wp","href":"https:\/\/api.w.org\/{rel}","templated":true}]}}