{"id":58488,"date":"2025-04-15T08:57:37","date_gmt":"2025-04-15T11:57:37","guid":{"rendered":"https:\/\/www.sincomam.org.br\/?p=58488"},"modified":"2025-04-15T08:58:43","modified_gmt":"2025-04-15T11:58:43","slug":"marinha-debate-seguranca-fluvial-apos-onda-de-crimes","status":"publish","type":"post","link":"https:\/\/www.sincomam.org.br\/index.php\/marinha-debate-seguranca-fluvial-apos-onda-de-crimes\/","title":{"rendered":"Marinha debate seguran\u00e7a fluvial ap\u00f3s onda de crimes"},"content":{"rendered":"<p class=\"\" data-start=\"264\" data-end=\"618\">Rios antes sin\u00f4nimo de conex\u00e3o e abastecimento, hoje se tornaram rotas de medo para embarca\u00e7\u00f5es no Amazonas. Em meio a uma\u00a0triplica\u00e7\u00e3o dos ataques de criminosos fluviais, a\u00a0Marinha do Brasil\u00a0convocou autoridades e representantes do setor para um\u00a0encontro em Manaus, que buscou alinhar estrat\u00e9gias e fortalecer a coopera\u00e7\u00e3o entre institui\u00e7\u00f5es.<\/p>\n<h3 class=\"\" data-start=\"620\" data-end=\"680\"><strong data-start=\"624\" data-end=\"680\">Bases fixas, lanchas blindadas e desafios log\u00edsticos<\/strong><\/h3>\n<p class=\"\" data-start=\"682\" data-end=\"1047\">A seguran\u00e7a nos rios amaz\u00f4nicos depende de uma estrutura robusta, mas ainda insuficiente diante da vastid\u00e3o territorial. Atualmente, o estado conta com\u00a0cinco grandes bases fluviais, sendo\u00a0tr\u00eas fixas\u00a0e\u00a0duas m\u00f3veis\u00a0\u2014 a\u00a0Base Paulo Pinto Nery\u00a0e a\u00a0Base Tiradentes. Al\u00e9m disso, operam\u00a0sete lanchas blindadas, com mais duas em fase de incorpora\u00e7\u00e3o.<\/p>\n<p class=\"\" data-start=\"1049\" data-end=\"1399\">Segundo autoridades locais, o\u00a0Governo do Estado do Amazonas\u00a0investe aproximadamente\u00a0R$ 6 milh\u00f5es\u00a0por ano na manuten\u00e7\u00e3o dessas estruturas, enquanto o apoio federal tem sido apontado como limitado. Esse descompasso levanta preocupa\u00e7\u00f5es quanto \u00e0\u00a0capacidade de resposta cont\u00ednua\u00a0e \u00e0 necessidade de maior articula\u00e7\u00e3o entre esferas federativas.<\/p>\n<h3 class=\"\" data-start=\"1401\" data-end=\"1454\"><strong data-start=\"1405\" data-end=\"1454\">A vida a bordo e o medo que navega pelos rios<\/strong><\/h3>\n<p class=\"\" data-start=\"1456\" data-end=\"1937\">Para os\u00a0empres\u00e1rios do setor naval\u00a0e\u00a0comunidades ribeirinhas, os reflexos da viol\u00eancia s\u00e3o vis\u00edveis. O presidente nacional das empresas de navega\u00e7\u00e3o foi enf\u00e1tico ao afirmar: \u201cNenhum rio na Amaz\u00f4nia hoje \u00e9 seguro\u201d. A percep\u00e7\u00e3o de inseguran\u00e7a tem for\u00e7ado donos de embarca\u00e7\u00f5es a investir em\u00a0c\u00e2meras de monitoramento\u00a0e novos protocolos de embarque, buscando evitar que passageiros sejam injustamente responsabilizados por cargas il\u00edcitas colocadas de forma clandestina.<\/p>\n<p class=\"\" data-start=\"1939\" data-end=\"2242\">Casos registrados em\u00a0Itacoatiara, Tonantins e Manicor\u00e9\u00a0evidenciam o alcance dos criminosos, que operam com conhecimento detalhado das rotas e hor\u00e1rios. O medo se mistura \u00e0 rotina de quem depende do transporte fluvial para\u00a0viver, trabalhar e circular mercadorias essenciais\u00a0no interior do estado.<\/p>\n<h3 class=\"\" data-start=\"2244\" data-end=\"2305\"><strong data-start=\"2248\" data-end=\"2305\">Presen\u00e7a estatal: cobran\u00e7as, discursos e expectativas<\/strong><\/h3>\n<p class=\"\" data-start=\"2307\" data-end=\"2599\">Durante o evento em Manaus, empres\u00e1rios cobraram\u00a0presen\u00e7a cont\u00ednua do Estado, com a\u00e7\u00f5es integradas e ostensivas. A cr\u00edtica foi direcionada \u00e0 atua\u00e7\u00e3o pontual das for\u00e7as de seguran\u00e7a, com a defesa de uma\u00a0estrat\u00e9gia duradoura\u00a0e investimentos em intelig\u00eancia e fiscaliza\u00e7\u00e3o de fronteiras.<\/p>\n<p class=\"\" data-start=\"2601\" data-end=\"2961\">Em resposta, o\u00a0Secret\u00e1rio de Seguran\u00e7a P\u00fablica do Amazonas, Coronel Vin\u00edcius Almeida, reconheceu os desafios, mas classificou como \u201cexagero\u201d dizer que os rios s\u00e3o inseguros. Ele defendeu os resultados obtidos na redu\u00e7\u00e3o de crimes e afirmou que o estado tem assumido uma responsabilidade que deveria ser compartilhada com maior firmeza pelo governo federal.<\/p>\n<p class=\"\" data-start=\"2963\" data-end=\"3209\">Ao final, o evento refor\u00e7ou a necessidade de\u00a0coopera\u00e7\u00e3o interinstitucional\u00a0\u2014 Marinha, for\u00e7as estaduais, setor privado e \u00f3rg\u00e3os federais \u2014 para restaurar a\u00a0confian\u00e7a nas hidrovias amaz\u00f4nicas, essenciais \u00e0 vida econ\u00f4mica e social da regi\u00e3o.<\/p>\n<p data-start=\"2963\" data-end=\"3209\">Fonte: Defesa em Foco<\/p>\n","protected":false},"excerpt":{"rendered":"<p>Rios antes sin\u00f4nimo de conex\u00e3o e abastecimento, hoje se tornaram rotas de medo para embarca\u00e7\u00f5es no Amazonas. Em meio a uma\u00a0triplica\u00e7\u00e3o dos ataques de criminosos&#8230;<\/p>\n","protected":false},"author":1527,"featured_media":58493,"comment_status":"closed","ping_status":"closed","sticky":false,"template":"","format":"standard","meta":{"footnotes":""},"categories":[6],"tags":[],"class_list":["post-58488","post","type-post","status-publish","format-standard","has-post-thumbnail","hentry","category-noticias"],"_links":{"self":[{"href":"https:\/\/www.sincomam.org.br\/index.php\/wp-json\/wp\/v2\/posts\/58488","targetHints":{"allow":["GET"]}}],"collection":[{"href":"https:\/\/www.sincomam.org.br\/index.php\/wp-json\/wp\/v2\/posts"}],"about":[{"href":"https:\/\/www.sincomam.org.br\/index.php\/wp-json\/wp\/v2\/types\/post"}],"author":[{"embeddable":true,"href":"https:\/\/www.sincomam.org.br\/index.php\/wp-json\/wp\/v2\/users\/1527"}],"replies":[{"embeddable":true,"href":"https:\/\/www.sincomam.org.br\/index.php\/wp-json\/wp\/v2\/comments?post=58488"}],"version-history":[{"count":1,"href":"https:\/\/www.sincomam.org.br\/index.php\/wp-json\/wp\/v2\/posts\/58488\/revisions"}],"predecessor-version":[{"id":58491,"href":"https:\/\/www.sincomam.org.br\/index.php\/wp-json\/wp\/v2\/posts\/58488\/revisions\/58491"}],"wp:featuredmedia":[{"embeddable":true,"href":"https:\/\/www.sincomam.org.br\/index.php\/wp-json\/wp\/v2\/media\/58493"}],"wp:attachment":[{"href":"https:\/\/www.sincomam.org.br\/index.php\/wp-json\/wp\/v2\/media?parent=58488"}],"wp:term":[{"taxonomy":"category","embeddable":true,"href":"https:\/\/www.sincomam.org.br\/index.php\/wp-json\/wp\/v2\/categories?post=58488"},{"taxonomy":"post_tag","embeddable":true,"href":"https:\/\/www.sincomam.org.br\/index.php\/wp-json\/wp\/v2\/tags?post=58488"}],"curies":[{"name":"wp","href":"https:\/\/api.w.org\/{rel}","templated":true}]}}